{"id":19287,"date":"2016-08-11T21:16:37","date_gmt":"2016-08-11T21:16:37","guid":{"rendered":"https:\/\/www.cvn.com.co\/?p=19287"},"modified":"2016-08-11T21:16:37","modified_gmt":"2016-08-11T21:16:37","slug":"en-julio-ventas-de-vehiculos-en-colombia-siguen-cayendo","status":"publish","type":"post","link":"https:\/\/www.cvn.com.co\/en\/en-julio-ventas-de-vehiculos-en-colombia-siguen-cayendo\/","title":{"rendered":"En julio, ventas de veh\u00edculos en Colombia siguen cayendo"},"content":{"rendered":"<p>[vc_row][vc_column][vc_empty_space][vc_column_text]<\/p>\n<p class=\"INTRO\" style=\"text-align: justify;\">Seg\u00fan los datos emitidos por la Asociaci\u00f3n Colombiana de Veh\u00edculos Automotores (ANDEMOS), en lo corrido del mes de julio del 2016, se present\u00f3 una ca\u00edda del 17% en las ventas de autos a nivel nacional en comparaci\u00f3n con el mismo mes del 2015. Chevrolet y Renault, las marcas m\u00e1s vendidas.<\/p>\n<p>[\/vc_column_text][\/vc_column][\/vc_row][vc_row][vc_column][dt_call_to_action background=&#8221;fancy&#8221; line=&#8221;true&#8221; style=&#8221;1&#8243; animation=&#8221;bounceInRight&#8221;]<span style=\"font-size: 12pt; color: #333333;\">[dt_gap height=&#8221;3&#8243;\/]\u00a0<\/span><\/p>\n<p class=\"p1\"><span class=\"s1\" style=\"font-size: 18pt; color: #1aa8b8;\"><\/span><\/p>\n<p><em>\u00a0<\/em> [\/dt_call_to_action][\/vc_column][\/vc_row][vc_row][vc_column][vc_column_text]<\/p>\n<p>&nbsp;<\/p>\n<p style=\"text-align: justify;\">La Asociaci\u00f3n Colombiana de Veh\u00edculos Automotores (ANDEMOS) present\u00f3 el informe del mes de julio del a\u00f1o en curso, donde se revelan las cifras del sector automotor en el pa\u00eds y el cual no brind\u00f3 un buen panorama para el segmento de las ventas a nivel nacional.<\/p>\n<p style=\"text-align: justify;\">Seg\u00fan el informe, para el mes de julio se registr\u00f3 una ca\u00edda del 17% en las ventas de veh\u00edculos en todo el territorio colombiano comparado con el mismo mes del 2015, con esta variaci\u00f3n negativa, varias compa\u00f1\u00edas representantes del sector se han visto obligadas a realizar reajustes en sus negocios.<\/p>\n<p style=\"text-align: justify;\">Pero hablando netamente de las cantidades, ANDEMOS dio a conocer, seg\u00fan lo muestra el Diario del Sur de Bogot\u00e1 que, en el pa\u00eds se han registrado 134.788 matr\u00edculas nuevas en el mes de julio del 2016, cifra menor a la del mismo periodo del a\u00f1o anterior. Ajeno a ello, la din\u00e1mica y el pulso de ventas entre los fabricantes no siguen registrando mayores cambios respecto al \u00faltimo a\u00f1o.<\/p>\n<p style=\"text-align: justify;\">Po su parte, las marcas de veh\u00edculos que fueron las preferidas por los colombianos para el mes de julio del 2016 fueron Chevrolet y Renault con 32.964 y 27.152 veh\u00edculos vendidos respectivamente en este periodo. Sin embargo, estos datos contrastan con las perspectivas que tienen la Asociaci\u00f3n Nacional de Empresarios de Colombia (ANDI) y la Federaci\u00f3n Nacional de Comerciantes (Fenalco) de mejora en la din\u00e1mica en el sector.<\/p>\n<p style=\"text-align: justify;\">Finalmente, seg\u00fan lo explica el portal de actualidad HSB Noticias, la devaluaci\u00f3n y la subida de tasas de inter\u00e9s por parte del Banco de la Rep\u00fablica han afectado la din\u00e1mica del mercado. No obstante, la esperanza para moderar la ca\u00edda est\u00e1 puesta en la estabilizaci\u00f3n en la tasa de cambio y \u00a0el empuj\u00f3n del Sal\u00f3n del Autom\u00f3vil.<\/p>\n<p>&nbsp;<\/p>\n<p>[\/vc_column_text][vc_column_text]<\/p>\n<p style=\"text-align: justify;\">\n<p style=\"text-align: justify;\">Fuente<\/p>\n<p style=\"text-align: justify;\"><a href=\"http:\/\/hsbnoticias.com\/noticias\/economia\/venta-de-autos-nivel-nacional-sigue-cayendo-en-el-pais-baj-228781\">Venta de autos a nivel nacional sigue cayendo en el pa\u00eds: baj\u00f3 17% en el mes de julio<\/a> \u2013 HSB Noticias<\/p>\n<p style=\"text-align: justify;\"><a href=\"http:\/\/diariodelsur.com.co\/noticias\/economia\/venta-de-autos-nivel-nacional-sigue-cayendo-en-el-pais-baj-228781\">Venta de autos a nivel nacional sigue cayendo en el pa\u00eds: baj\u00f3 17% en el mes de julio<\/a> \u2013 Diario del Sur<\/p>\n<p style=\"text-align: justify;\"><a href=\"http:\/\/andemos.org\/img\/193466703.pdf\">Informe Veh\u00edculos Julio Colombia, 2016<\/a> \u2013 Asociaci\u00f3n Colombiana de Veh\u00edculos Automotores (ANDEMOS)<\/p>\n<p>[\/vc_column_text][\/vc_column][\/vc_row][vc_row][vc_column][\/vc_column][\/vc_row]<\/p>\n","protected":false},"excerpt":{"rendered":"<p>[vc_row][vc_column][vc_empty_space][vc_column_text] Seg\u00fan los datos emitidos por la Asociaci\u00f3n Colombiana de Veh\u00edculos Automotores (ANDEMOS), en lo corrido del mes de julio del 2016, se present\u00f3 una ca\u00edda del 17% en las ventas de autos a nivel nacional en comparaci\u00f3n con el mismo mes del 2015. Chevrolet y Renault, las marcas m\u00e1s vendidas. [\/vc_column_text][\/vc_column][\/vc_row][vc_row][vc_column][dt_call_to_action background=&#8221;fancy&#8221; line=&#8221;true&#8221; style=&#8221;1&#8243; [&hellip;]<\/p>\n","protected":false},"author":1,"featured_media":0,"comment_status":"closed","ping_status":"closed","sticky":false,"template":"","format":"standard","meta":{"_acf_changed":false,"_joinchat":[],"footnotes":""},"categories":[37],"tags":[],"class_list":["post-19287","post","type-post","status-publish","format-standard","hentry","category-new_automotive","entry","owp-thumbs-layout-horizontal","owp-btn-normal","owp-tabs-layout-horizontal","has-no-thumbnails","has-product-nav"],"acf":[],"_links":{"self":[{"href":"https:\/\/www.cvn.com.co\/en\/wp-json\/wp\/v2\/posts\/19287","targetHints":{"allow":["GET"]}}],"collection":[{"href":"https:\/\/www.cvn.com.co\/en\/wp-json\/wp\/v2\/posts"}],"about":[{"href":"https:\/\/www.cvn.com.co\/en\/wp-json\/wp\/v2\/types\/post"}],"author":[{"embeddable":true,"href":"https:\/\/www.cvn.com.co\/en\/wp-json\/wp\/v2\/users\/1"}],"replies":[{"embeddable":true,"href":"https:\/\/www.cvn.com.co\/en\/wp-json\/wp\/v2\/comments?post=19287"}],"version-history":[{"count":0,"href":"https:\/\/www.cvn.com.co\/en\/wp-json\/wp\/v2\/posts\/19287\/revisions"}],"wp:attachment":[{"href":"https:\/\/www.cvn.com.co\/en\/wp-json\/wp\/v2\/media?parent=19287"}],"wp:term":[{"taxonomy":"category","embeddable":true,"href":"https:\/\/www.cvn.com.co\/en\/wp-json\/wp\/v2\/categories?post=19287"},{"taxonomy":"post_tag","embeddable":true,"href":"https:\/\/www.cvn.com.co\/en\/wp-json\/wp\/v2\/tags?post=19287"}],"curies":[{"name":"wp","href":"https:\/\/api.w.org\/{rel}","templated":true}]}}