{"id":19324,"date":"2016-08-16T20:38:14","date_gmt":"2016-08-16T20:38:14","guid":{"rendered":"https:\/\/www.cvn.com.co\/?p=19324"},"modified":"2016-08-16T20:38:14","modified_gmt":"2016-08-16T20:38:14","slug":"debido-a-la-sequia-brasil-empezara-a-importar-maiz-transgenico-desde-estados-unidos","status":"publish","type":"post","link":"https:\/\/www.cvn.com.co\/en\/debido-a-la-sequia-brasil-empezara-a-importar-maiz-transgenico-desde-estados-unidos\/","title":{"rendered":"Debido a la sequ\u00eda, Brasil empezar\u00e1 a importar ma\u00edz transg\u00e9nico desde Estados Unidos"},"content":{"rendered":"<p>[vc_row][vc_column][vc_empty_space][vc_column_text]<\/p>\n<p class=\"INTRO\" style=\"text-align: justify;\">La fuerte sequ\u00eda que present\u00f3 el pa\u00eds y el aumento en las exportaciones gener\u00f3 una escasez de ma\u00edz en el territorio brasilero, lo cual conllev\u00f3 a que el pa\u00eds considerara importar desde Estados Unidos, ma\u00edz gen\u00e9ticamente modificado.<\/p>\n<p>[\/vc_column_text][\/vc_column][\/vc_row][vc_row][vc_column][dt_call_to_action background=&#8221;fancy&#8221; line=&#8221;true&#8221; style=&#8221;1&#8243; animation=&#8221;bounceInRight&#8221;]<span style=\"font-size: 12pt; color: #333333;\">[dt_gap height=&#8221;3&#8243;\/]\u00a0<\/span><\/p>\n<p class=\"p1\"><span class=\"s1\" style=\"font-size: 18pt; color: #1aa8b8;\"><\/span><\/p>\n<p><em>\u00a0<\/em> [\/dt_call_to_action][\/vc_column][\/vc_row][vc_row][vc_column][vc_column_text]<\/p>\n<p>&nbsp;<\/p>\n<p style=\"text-align: justify;\">Para no agotar las reservas de ma\u00edz del 2017, y a ra\u00edz de una fuerte sequ\u00eda que azot\u00f3 el territorio brasilero que hizo estragos en la \u00faltima cosecha de ma\u00edz, Brasil decidi\u00f3 autorizar el ingreso del grano transg\u00e9nico al pa\u00eds proveniente de Estados unidos.<\/p>\n<p style=\"text-align: justify;\">Pero no solo fue la sequ\u00eda la que agot\u00f3 el ma\u00edz en Brasil, un derrumbe del real, la moneda brasile\u00f1a a principios de este a\u00f1o, alent\u00f3 las ventas al extranjero. Sin contar que para el pa\u00eds suramericano, este cereal representa una importante fuente de ingresos por exportaciones; y tambi\u00e9n es un alimento fundamental para la cr\u00eda de ganado local.<\/p>\n<p style=\"text-align: justify;\">Inclusive, para poder solventar la situaci\u00f3n, a principios de este a\u00f1o y durante seis meses, el Gobierno de Brasil redujo el impuesto a las importaciones de ma\u00edz de 8% a 0% para los pa\u00edses que no forman parte del Mercosur, en un intento de mantener bajos los precios. As\u00ed mismo, el diario El Cronista dio a conocer que, para apuntalar sus sectores de cerdo y aves de corral, Brasil ya ha importado cerca de 550.000 toneladas de ma\u00edz desde enero, principalmente desde Argentina y Paraguay.<\/p>\n<p style=\"text-align: justify;\">Brasil no se opone a la tecnolog\u00eda aplicada a los transg\u00e9nicos, y es uno de los principales desarrolladores de cultivos transg\u00e9nicos del mundo. Es el segundo productor mundial despu\u00e9s de Estados Unidos. La mayor parte de sus cultivos de soja, ma\u00edz y algod\u00f3n es transg\u00e9nica.<\/p>\n<p style=\"text-align: justify;\">Finalmente, cabe mencionar que la Compa\u00f1\u00eda Nacional de Abastecimiento (Conab), ahora calcula que la cosecha de ma\u00edz 2015-2016 ser\u00e1 cercana a las 68,5 millones de toneladas, cifra 20% inferior a lo previsto.<\/p>\n<p>&nbsp;<\/p>\n<p>[\/vc_column_text][vc_column_text]<\/p>\n<p style=\"text-align: justify;\">\n<p style=\"text-align: justify;\">Fuente<\/p>\n<p style=\"text-align: justify;\"><a href=\"http:\/\/www.cronista.com\/financialtimes\/Brasil-esta-listo-para-importar-maiz-transgenico-desde-EE.UU.-20160816-0031.html\">Brasil est\u00e1 listo para importar ma\u00edz transg\u00e9nico desde EE.UU.<\/a> \u2013 El Cronista.com, Argentina<\/p>\n<p>&nbsp;<\/p>\n<p>[\/vc_column_text][\/vc_column][\/vc_row][vc_row][vc_column][\/vc_column][\/vc_row]<\/p>\n","protected":false},"excerpt":{"rendered":"<p>[vc_row][vc_column][vc_empty_space][vc_column_text] La fuerte sequ\u00eda que present\u00f3 el pa\u00eds y el aumento en las exportaciones gener\u00f3 una escasez de ma\u00edz en el territorio brasilero, lo cual conllev\u00f3 a que el pa\u00eds considerara importar desde Estados Unidos, ma\u00edz gen\u00e9ticamente modificado. [\/vc_column_text][\/vc_column][\/vc_row][vc_row][vc_column][dt_call_to_action background=&#8221;fancy&#8221; line=&#8221;true&#8221; style=&#8221;1&#8243; animation=&#8221;bounceInRight&#8221;][dt_gap height=&#8221;3&#8243;\/]\u00a0 \u00a0 [\/dt_call_to_action][\/vc_column][\/vc_row][vc_row][vc_column][vc_column_text] &nbsp; Para no agotar las reservas de ma\u00edz del [&hellip;]<\/p>\n","protected":false},"author":1,"featured_media":0,"comment_status":"closed","ping_status":"closed","sticky":false,"template":"","format":"standard","meta":{"_acf_changed":false,"_joinchat":[],"footnotes":""},"categories":[34],"tags":[],"class_list":["post-19324","post","type-post","status-publish","format-standard","hentry","category-new-chemical","entry","owp-thumbs-layout-horizontal","owp-btn-normal","owp-tabs-layout-horizontal","has-no-thumbnails","has-product-nav"],"acf":[],"_links":{"self":[{"href":"https:\/\/www.cvn.com.co\/en\/wp-json\/wp\/v2\/posts\/19324","targetHints":{"allow":["GET"]}}],"collection":[{"href":"https:\/\/www.cvn.com.co\/en\/wp-json\/wp\/v2\/posts"}],"about":[{"href":"https:\/\/www.cvn.com.co\/en\/wp-json\/wp\/v2\/types\/post"}],"author":[{"embeddable":true,"href":"https:\/\/www.cvn.com.co\/en\/wp-json\/wp\/v2\/users\/1"}],"replies":[{"embeddable":true,"href":"https:\/\/www.cvn.com.co\/en\/wp-json\/wp\/v2\/comments?post=19324"}],"version-history":[{"count":0,"href":"https:\/\/www.cvn.com.co\/en\/wp-json\/wp\/v2\/posts\/19324\/revisions"}],"wp:attachment":[{"href":"https:\/\/www.cvn.com.co\/en\/wp-json\/wp\/v2\/media?parent=19324"}],"wp:term":[{"taxonomy":"category","embeddable":true,"href":"https:\/\/www.cvn.com.co\/en\/wp-json\/wp\/v2\/categories?post=19324"},{"taxonomy":"post_tag","embeddable":true,"href":"https:\/\/www.cvn.com.co\/en\/wp-json\/wp\/v2\/tags?post=19324"}],"curies":[{"name":"wp","href":"https:\/\/api.w.org\/{rel}","templated":true}]}}