{"id":19330,"date":"2016-08-17T22:03:49","date_gmt":"2016-08-17T22:03:49","guid":{"rendered":"https:\/\/www.cvn.com.co\/?p=19330"},"modified":"2016-08-17T22:03:49","modified_gmt":"2016-08-17T22:03:49","slug":"desde-este-martes-entra-en-vigor-en-panama-el-alza-de-aranceles-a-las-importaciones-colombianas","status":"publish","type":"post","link":"https:\/\/www.cvn.com.co\/en\/desde-este-martes-entra-en-vigor-en-panama-el-alza-de-aranceles-a-las-importaciones-colombianas\/","title":{"rendered":"Desde este martes entra en vigor en Panam\u00e1 el alza de aranceles a las importaciones colombianas"},"content":{"rendered":"<p>[vc_row][vc_column][vc_empty_space][vc_column_text]<\/p>\n<p class=\"INTRO\" style=\"text-align: justify;\">El alza en las tasas de importaci\u00f3n de algunos productos procedentes de Colombia comenzar\u00e1 a regir desde este martes y se impondr\u00e1 hasta el 31 de diciembre de este a\u00f1o. Contin\u00faa la pol\u00e9mica.<\/p>\n<p>[\/vc_column_text][\/vc_column][\/vc_row][vc_row][vc_column][dt_call_to_action background=&#8221;fancy&#8221; line=&#8221;true&#8221; style=&#8221;1&#8243; animation=&#8221;bounceInRight&#8221;]<span style=\"font-size: 12pt; color: #333333;\">[dt_gap height=&#8221;3&#8243;\/]\u00a0<\/span><\/p>\n<p class=\"p1\"><span class=\"s1\" style=\"font-size: 18pt; color: #1aa8b8;\"><\/span><\/p>\n<p><em>\u00a0<\/em> [\/dt_call_to_action][\/vc_column][\/vc_row][vc_row][vc_column][vc_column_text]<\/p>\n<p>&nbsp;<\/p>\n<p style=\"text-align: justify;\">El Decreto N\u00b028, aprobado por el Gobierno de Panam\u00e1 el pasado 2 de agosto y publicado en la gaceta oficial el d\u00eda 11 establece que el alza arancelaria estar\u00e1 vigente desde este martes 16 de agosto hasta el 31 de diciembre del a\u00f1o en curso.<\/p>\n<p style=\"text-align: justify;\">La medida fue adoptada, seg\u00fan lo da a conocer el Diario Panam\u00e1 Am\u00e9rica, por el pa\u00eds centroamericano luego que Colombia incumpliera el fallo de la Organizaci\u00f3n Mundial del Comercio (OMC) a favor de Panam\u00e1, lo que obliga al pa\u00eds suramericano a eliminar los aranceles impuestos a calzados y textiles de la Zona Libre de Col\u00f3n (ZLC).<\/p>\n<p style=\"text-align: justify;\">Los impuestos ser\u00e1n aplicados a las importaciones de las rosas, claveles, crisantemos, calas y gladiolas que pasar\u00e1 de tener un arancel del 30%, por encima del 15% anterior. Igualmente, el cemento sin pulverizar o clinker y la hulla bituminosa, un tipo de carb\u00f3n mineral, pasar\u00e1n de pagar cero arancel a 30% y 15%, respectivamente; adem\u00e1s, seg\u00fan se resalta en el decreto, el clinker tambi\u00e9n pagar\u00e1 un 7% por concepto de Impuesto de Transferencia de Bienes, Muebles y Servicios (ITBMS).<\/p>\n<p style=\"text-align: justify;\">Del mismo modo, las tasas de importaci\u00f3n de prendas de vestir pasan de entre 10% y 15% al 30%, y tambi\u00e9n se les aplica desde este martes el 7% por ITBMS.<\/p>\n<p style=\"text-align: justify;\">Ante esto, analistas y representantes del sector privado paname\u00f1os han expresado su respaldo a las medidas econ\u00f3micas adoptadas por Gobierno de Panam\u00e1 frente a la controversia con Colombia, aunque han pedido al mismo tiempo que las partes se sienten a dialogar sin precondiciones en busca de acuerdos que sean de beneficio mutuo; as\u00ed lo dio a conocer El Espectador.<\/p>\n<p style=\"text-align: justify;\">Finalmente, importante mencionar que el decreto excluye de la aplicaci\u00f3n del alza en los aranceles a los productos que sean procedentes de los pa\u00edses con los que Panam\u00e1 tenga acuerdos de libre comercio vigentes, de sus socios de Centroam\u00e9rica, y de Paraguay, Bolivia, Ecuador y de la Zona Libre de Col\u00f3n.<\/p>\n<p>&nbsp;<\/p>\n<p>[\/vc_column_text][vc_column_text]<\/p>\n<p style=\"text-align: justify;\">\n<p style=\"text-align: justify;\">Fuente<\/p>\n<p style=\"text-align: justify;\"><a href=\"http:\/\/www.panamaamerica.com.pa\/economia\/comienza-regir-alza-de-aranceles-para-productos-colombianos-1038961\">Comienza a regir alza de aranceles para productos colombianos<\/a> \u2013 Panam\u00e1 Am\u00e9rica, Panam\u00e1<\/p>\n<p style=\"text-align: justify;\"><a href=\"http:\/\/www.elespectador.com\/noticias\/economia\/entra-vigor-panama-alza-de-aranceles-importaciones-colo-articulo-649305\">Entra en vigor en Panam\u00e1 alza de aranceles a importaciones colombianas<\/a> \u2013 El Espectador<\/p>\n<p style=\"text-align: justify;\"><a href=\"http:\/\/www.critica.com.pa\/nacional\/entra-en-vigor-alza-de-aranceles-importaciones-colombianas-444219\">Entra en vigor alza de aranceles a importaciones colombianas<\/a> \u2013 Cr\u00edtica, Panam\u00e1<\/p>\n<p style=\"text-align: justify;\">\n<p>[\/vc_column_text][\/vc_column][\/vc_row][vc_row][vc_column][\/vc_column][\/vc_row]<\/p>\n","protected":false},"excerpt":{"rendered":"<p>[vc_row][vc_column][vc_empty_space][vc_column_text] El alza en las tasas de importaci\u00f3n de algunos productos procedentes de Colombia comenzar\u00e1 a regir desde este martes y se impondr\u00e1 hasta el 31 de diciembre de este a\u00f1o. Contin\u00faa la pol\u00e9mica. [\/vc_column_text][\/vc_column][\/vc_row][vc_row][vc_column][dt_call_to_action background=&#8221;fancy&#8221; line=&#8221;true&#8221; style=&#8221;1&#8243; animation=&#8221;bounceInRight&#8221;][dt_gap height=&#8221;3&#8243;\/]\u00a0 \u00a0 [\/dt_call_to_action][\/vc_column][\/vc_row][vc_row][vc_column][vc_column_text] &nbsp; El Decreto N\u00b028, aprobado por el Gobierno de Panam\u00e1 el pasado 2 [&hellip;]<\/p>\n","protected":false},"author":1,"featured_media":0,"comment_status":"closed","ping_status":"closed","sticky":false,"template":"","format":"standard","meta":{"_acf_changed":false,"_joinchat":[],"footnotes":""},"categories":[36],"tags":[],"class_list":["post-19330","post","type-post","status-publish","format-standard","hentry","category-new-trade","entry","owp-thumbs-layout-horizontal","owp-btn-normal","owp-tabs-layout-horizontal","has-no-thumbnails","has-product-nav"],"acf":[],"_links":{"self":[{"href":"https:\/\/www.cvn.com.co\/en\/wp-json\/wp\/v2\/posts\/19330","targetHints":{"allow":["GET"]}}],"collection":[{"href":"https:\/\/www.cvn.com.co\/en\/wp-json\/wp\/v2\/posts"}],"about":[{"href":"https:\/\/www.cvn.com.co\/en\/wp-json\/wp\/v2\/types\/post"}],"author":[{"embeddable":true,"href":"https:\/\/www.cvn.com.co\/en\/wp-json\/wp\/v2\/users\/1"}],"replies":[{"embeddable":true,"href":"https:\/\/www.cvn.com.co\/en\/wp-json\/wp\/v2\/comments?post=19330"}],"version-history":[{"count":0,"href":"https:\/\/www.cvn.com.co\/en\/wp-json\/wp\/v2\/posts\/19330\/revisions"}],"wp:attachment":[{"href":"https:\/\/www.cvn.com.co\/en\/wp-json\/wp\/v2\/media?parent=19330"}],"wp:term":[{"taxonomy":"category","embeddable":true,"href":"https:\/\/www.cvn.com.co\/en\/wp-json\/wp\/v2\/categories?post=19330"},{"taxonomy":"post_tag","embeddable":true,"href":"https:\/\/www.cvn.com.co\/en\/wp-json\/wp\/v2\/tags?post=19330"}],"curies":[{"name":"wp","href":"https:\/\/api.w.org\/{rel}","templated":true}]}}