{"id":19333,"date":"2016-08-17T13:31:10","date_gmt":"2016-08-17T13:31:10","guid":{"rendered":"https:\/\/www.cvn.com.co\/?p=19333"},"modified":"2016-08-17T13:31:10","modified_gmt":"2016-08-17T13:31:10","slug":"caficultores-preocupados-por-incremento-de-gotera-del-cafe","status":"publish","type":"post","link":"https:\/\/www.cvn.com.co\/en\/caficultores-preocupados-por-incremento-de-gotera-del-cafe\/","title":{"rendered":"Caficultores preocupados por incremento de Gotera del Caf\u00e9"},"content":{"rendered":"<p>[vc_row][vc_column][vc_empty_space][vc_column_text]<\/p>\n<p style=\"text-align: justify;\">La tambi\u00e9n llamada ojo de gallo, candelilla o viruela, es un hongo que ataca las hojas, ramas, tallos y frutos. Aparece especialmente en ambientes h\u00famedos y de baja luminosidad, lo que hace que se propague y multiplique de manera m\u00e1s r\u00e1pida. En algunas zonas cafeteras de Colombia, se ha registrado un aumento de esta enfermedad, lo que ha generado preocupaci\u00f3n en los caficultores.<\/p>\n<p>[\/vc_column_text][\/vc_column][\/vc_row][vc_row][vc_column][dt_call_to_action background=&#8221;fancy&#8221; line=&#8221;true&#8221; style=&#8221;1&#8243; animation=&#8221;bounceInRight&#8221;]<span style=\"font-size: 12pt; color: #333333;\">[dt_gap height=&#8221;3&#8243;\/]\u00a0<\/span><\/p>\n<p class=\"p1\"><span class=\"s1\" style=\"font-size: 18pt; color: #1aa8b8;\"><\/span><\/p>\n<p><em>\u00a0<\/em> [\/dt_call_to_action][\/vc_column][\/vc_row][vc_row][vc_column][vc_column_text]<\/p>\n<p>&nbsp;<\/p>\n<p style=\"text-align: justify;\">El Servicio de Extensi\u00f3n de la Federaci\u00f3n Nacional de Cafeteros (FNC), inform\u00f3 que se ha dado un incremento anormal de la enfermedad llamada \u201cGotera del Caf\u00e9\u201d en algunas zonas del pa\u00eds como el Norte de Santander, Boyac\u00e1, Meta, Casanare y Caquet\u00e1, aquellos departamentos presentaron aumento de lluvias y humedad durante el primer semestre de este 2016 lo que hace que el hongo se propague con mayor facilidad.<\/p>\n<p style=\"text-align: justify;\">La enfermedad denominada \u201cGotera del Caf\u00e9\u201d, tambi\u00e9n es conocida como candelilla, viruela y ojo de pavo real o de gallo, se presenta en las hojas de la planta, causando defoliaci\u00f3n y en los frutos en varios estados de desarrollo, por lo que ataques severos pueden representar graves p\u00e9rdidas para el caficultor.<\/p>\n<p style=\"text-align: justify;\">Seg\u00fan lo manifest\u00f3 La W Radio, la FNC, a ra\u00edz de esta propagaci\u00f3n de la enfermedad, decidi\u00f3 iniciar una campa\u00f1a nacional de divulgaci\u00f3n para que los caficultores comprendan la din\u00e1mica y manejo agron\u00f3mico que deben adelantar en sus plantaciones frente a este hongo, para evitar p\u00e9rdidas en los cultivos de caf\u00e9.<\/p>\n<p style=\"text-align: justify;\">Hernando Duque, Gerente T\u00e9cnico de la FNC, dijo adem\u00e1s que, afectaci\u00f3n del hongo se presenta en todas las variedades de caf\u00e9. No existe resistencia varietal para la Gotera. Ni est\u00e1 demostrado que la incidencia sea mayor en una u otra variedad. Lo que agron\u00f3micamente est\u00e1 evaluado es que este hongo se multiplica r\u00e1pidamente en lotes de caf\u00e9 con exceso de sombr\u00edo, con alta humedad relativa, baja luminosidad, pocas horas de luz, bajas temperaturas, poca ventilaci\u00f3n y regiones con alta precipitaci\u00f3n y con deficiente drenaje, as\u00ed lo explic\u00f3 el Gerente, seg\u00fan lo dio a conocer la Revista Portafolio.<\/p>\n<p style=\"text-align: justify;\">A esta preocupaci\u00f3n, se le suma el hecho que a\u00fan los caficultores no han podido reunir el suficiente personal para recolectar el caf\u00e9 que est\u00e1 pr\u00f3ximo a salir. Se necesitan cerca de 100 mil personas que colaboren por un lapso de cuatro meses. Las campa\u00f1as tambi\u00e9n se est\u00e1n orientando hacia esa problem\u00e1tica.<\/p>\n<p>&nbsp;<\/p>\n<p>[\/vc_column_text][vc_column_text]<\/p>\n<p style=\"text-align: justify;\">\n<p style=\"text-align: justify;\">Fuente<\/p>\n<p style=\"text-align: justify;\"><a href=\"http:\/\/www.wradio.com.co\/noticias\/actualidad\/federacion-de-cafeteros-alerta-por-plaga-en-zonas-del-oriente-del-pais\/20160816\/nota\/3218937.aspx\">Federaci\u00f3n de Cafeteros alerta por plaga en zonas del oriente del pa\u00eds<\/a> \u2013 La W Radio<\/p>\n<p style=\"text-align: justify;\"><a href=\"http:\/\/www.portafolio.co\/economia\/federacion-de-cafeteros-alerta-por-plaga-en-oriente-del-pais-499625\">La &#8216;Gotera&#8217; que asusta a los caficultores del oriente del pa\u00eds<\/a> \u2013 Revista Portafolio<\/p>\n<p>&nbsp;<\/p>\n<p>[\/vc_column_text][\/vc_column][\/vc_row][vc_row][vc_column][\/vc_column][\/vc_row]<\/p>\n","protected":false},"excerpt":{"rendered":"<p>[vc_row][vc_column][vc_empty_space][vc_column_text] La tambi\u00e9n llamada ojo de gallo, candelilla o viruela, es un hongo que ataca las hojas, ramas, tallos y frutos. Aparece especialmente en ambientes h\u00famedos y de baja luminosidad, lo que hace que se propague y multiplique de manera m\u00e1s r\u00e1pida. En algunas zonas cafeteras de Colombia, se ha registrado un aumento de esta [&hellip;]<\/p>\n","protected":false},"author":1,"featured_media":0,"comment_status":"closed","ping_status":"closed","sticky":false,"template":"","format":"standard","meta":{"_acf_changed":false,"_joinchat":[],"footnotes":""},"categories":[38],"tags":[],"class_list":["post-19333","post","type-post","status-publish","format-standard","hentry","category-new-food-and-beverages","entry","owp-thumbs-layout-horizontal","owp-btn-normal","owp-tabs-layout-horizontal","has-no-thumbnails","has-product-nav"],"acf":[],"_links":{"self":[{"href":"https:\/\/www.cvn.com.co\/en\/wp-json\/wp\/v2\/posts\/19333","targetHints":{"allow":["GET"]}}],"collection":[{"href":"https:\/\/www.cvn.com.co\/en\/wp-json\/wp\/v2\/posts"}],"about":[{"href":"https:\/\/www.cvn.com.co\/en\/wp-json\/wp\/v2\/types\/post"}],"author":[{"embeddable":true,"href":"https:\/\/www.cvn.com.co\/en\/wp-json\/wp\/v2\/users\/1"}],"replies":[{"embeddable":true,"href":"https:\/\/www.cvn.com.co\/en\/wp-json\/wp\/v2\/comments?post=19333"}],"version-history":[{"count":0,"href":"https:\/\/www.cvn.com.co\/en\/wp-json\/wp\/v2\/posts\/19333\/revisions"}],"wp:attachment":[{"href":"https:\/\/www.cvn.com.co\/en\/wp-json\/wp\/v2\/media?parent=19333"}],"wp:term":[{"taxonomy":"category","embeddable":true,"href":"https:\/\/www.cvn.com.co\/en\/wp-json\/wp\/v2\/categories?post=19333"},{"taxonomy":"post_tag","embeddable":true,"href":"https:\/\/www.cvn.com.co\/en\/wp-json\/wp\/v2\/tags?post=19333"}],"curies":[{"name":"wp","href":"https:\/\/api.w.org\/{rel}","templated":true}]}}