{"id":19340,"date":"2016-08-18T19:23:28","date_gmt":"2016-08-18T19:23:28","guid":{"rendered":"https:\/\/www.cvn.com.co\/?p=19340"},"modified":"2016-08-18T19:23:28","modified_gmt":"2016-08-18T19:23:28","slug":"alianza-entre-volvo-y-uber-para-fabricar-vehiculos-automaticos","status":"publish","type":"post","link":"https:\/\/www.cvn.com.co\/en\/alianza-entre-volvo-y-uber-para-fabricar-vehiculos-automaticos\/","title":{"rendered":"Alianza entre Volvo y Uber para fabricar veh\u00edculos autom\u00e1ticos"},"content":{"rendered":"<p>[vc_row][vc_column][vc_empty_space][vc_column_text]<\/p>\n<p class=\"INTRO\" style=\"text-align: justify;\">Este jueves fue anunciada una alianza que se llev\u00f3 a cabo entre el constructor automotor sueco Volvo y la plataforma de servicio de transporte p\u00fablico Uber con el fin de comenzar a fabricar autom\u00f3viles de conducci\u00f3n aut\u00f3noma.<\/p>\n<p>[\/vc_column_text][\/vc_column][\/vc_row][vc_row][vc_column][dt_call_to_action background=&#8221;fancy&#8221; line=&#8221;true&#8221; style=&#8221;1&#8243; animation=&#8221;bounceInRight&#8221;]<span style=\"font-size: 12pt; color: #333333;\">[dt_gap height=&#8221;3&#8243;\/]\u00a0<\/span><\/p>\n<p class=\"p1\"><span class=\"s1\" style=\"font-size: 18pt; color: #1aa8b8;\"><\/span><\/p>\n<p><em>\u00a0<\/em> [\/dt_call_to_action][\/vc_column][\/vc_row][vc_row][vc_column][vc_column_text]<\/p>\n<p>&nbsp;<\/p>\n<p style=\"text-align: justify;\">La compa\u00f1\u00eda sueca fabricante de autom\u00f3viles Volvo Car Group, propiedad de la marca Geely, efectu\u00f3 una alianza estrat\u00e9gica con el servicio de transportes internauta Uber para desarrollar veh\u00edculos de conducci\u00f3n aut\u00f3noma. La alianza se realiz\u00f3 por un valor de USD 300 millones.<\/p>\n<p style=\"text-align: justify;\">Esta sociedad entre ambas compa\u00f1\u00edas pretende inyectar recursos para desarrollar caracter\u00edsticas aut\u00f3nomas en el auto XC90 SUV. La inversi\u00f3n ser\u00e1 financiada en partes casi iguales por las dos empresas.<\/p>\n<p style=\"text-align: justify;\">Seg\u00fan lo explica el diario Am\u00e9rica Econ\u00f3mica, Uber adquirir\u00e1 autos a Volvo y luego instalar\u00e1 su propio sistema de conducci\u00f3n autom\u00e1tica para necesidades espec\u00edficas de su servicio de transporte, por su parte, Volvo usar\u00e1 el mismo veh\u00edculo para desarrollar su proyecto de autos aut\u00f3nomos, basado a un plan que a\u00fan requiere de un conductor en el veh\u00edculo.<\/p>\n<p style=\"text-align: justify;\">El presidente de Uber, Travis Kalanick dio a conocer que, m\u00e1s de un mill\u00f3n de personas mueren en accidentes de tr\u00e1fico cada a\u00f1o. Son tragedias que las tecnolog\u00edas de conducci\u00f3n aut\u00f3noma pueden ayudar a evitar. Es por eso que la asociaci\u00f3n con un gran constructor como Volvo es tan importante, declar\u00f3 Kalanick.<\/p>\n<p style=\"text-align: justify;\">Finalmente, es v\u00e1lido mencionar que el acuerdo no impide que tanto Volvo como Uber realicen alianzas con otras firmas. Asimismo, las plantillas tambi\u00e9n se mantendr\u00e1n principalmente cada una en su empresa, en lugar de ser compartidas.<\/p>\n<p>&nbsp;<\/p>\n<p>[\/vc_column_text][vc_column_text]<\/p>\n<p style=\"text-align: justify;\">\n<p style=\"text-align: justify;\">Fuente<\/p>\n<p style=\"text-align: justify;\"><a href=\"http:\/\/gestion.pe\/empresas\/volvo-y-uber-se-alian-desarrollar-automoviles-autonomos-2168087\">Volvo y Uber se al\u00edan para desarrollar autom\u00f3viles aut\u00f3nomos<\/a> \u2013 Diario Gesti\u00f3n, Per\u00fa<\/p>\n<p style=\"text-align: justify;\"><a href=\"http:\/\/www.americaeconomia.com\/negocios-industrias\/volvo-y-uber-se-asocian-para-desarrollar-vehiculos-autonomos\">Volvo y Uber se asocian para desarrollar veh\u00edculos aut\u00f3nomos<\/a> \u2013 Am\u00e9rica Econ\u00f3mica<\/p>\n<p>&nbsp;<\/p>\n<p>[\/vc_column_text][\/vc_column][\/vc_row][vc_row][vc_column][\/vc_column][\/vc_row]<\/p>\n","protected":false},"excerpt":{"rendered":"<p>[vc_row][vc_column][vc_empty_space][vc_column_text] Este jueves fue anunciada una alianza que se llev\u00f3 a cabo entre el constructor automotor sueco Volvo y la plataforma de servicio de transporte p\u00fablico Uber con el fin de comenzar a fabricar autom\u00f3viles de conducci\u00f3n aut\u00f3noma. [\/vc_column_text][\/vc_column][\/vc_row][vc_row][vc_column][dt_call_to_action background=&#8221;fancy&#8221; line=&#8221;true&#8221; style=&#8221;1&#8243; animation=&#8221;bounceInRight&#8221;][dt_gap height=&#8221;3&#8243;\/]\u00a0 \u00a0 [\/dt_call_to_action][\/vc_column][\/vc_row][vc_row][vc_column][vc_column_text] &nbsp; La compa\u00f1\u00eda sueca fabricante de autom\u00f3viles Volvo Car [&hellip;]<\/p>\n","protected":false},"author":1,"featured_media":0,"comment_status":"closed","ping_status":"closed","sticky":false,"template":"","format":"standard","meta":{"_acf_changed":false,"_joinchat":[],"footnotes":""},"categories":[37],"tags":[],"class_list":["post-19340","post","type-post","status-publish","format-standard","hentry","category-new_automotive","entry","owp-thumbs-layout-horizontal","owp-btn-normal","owp-tabs-layout-horizontal","has-no-thumbnails","has-product-nav"],"acf":[],"_links":{"self":[{"href":"https:\/\/www.cvn.com.co\/en\/wp-json\/wp\/v2\/posts\/19340","targetHints":{"allow":["GET"]}}],"collection":[{"href":"https:\/\/www.cvn.com.co\/en\/wp-json\/wp\/v2\/posts"}],"about":[{"href":"https:\/\/www.cvn.com.co\/en\/wp-json\/wp\/v2\/types\/post"}],"author":[{"embeddable":true,"href":"https:\/\/www.cvn.com.co\/en\/wp-json\/wp\/v2\/users\/1"}],"replies":[{"embeddable":true,"href":"https:\/\/www.cvn.com.co\/en\/wp-json\/wp\/v2\/comments?post=19340"}],"version-history":[{"count":0,"href":"https:\/\/www.cvn.com.co\/en\/wp-json\/wp\/v2\/posts\/19340\/revisions"}],"wp:attachment":[{"href":"https:\/\/www.cvn.com.co\/en\/wp-json\/wp\/v2\/media?parent=19340"}],"wp:term":[{"taxonomy":"category","embeddable":true,"href":"https:\/\/www.cvn.com.co\/en\/wp-json\/wp\/v2\/categories?post=19340"},{"taxonomy":"post_tag","embeddable":true,"href":"https:\/\/www.cvn.com.co\/en\/wp-json\/wp\/v2\/tags?post=19340"}],"curies":[{"name":"wp","href":"https:\/\/api.w.org\/{rel}","templated":true}]}}