{"id":19422,"date":"2016-08-26T20:38:16","date_gmt":"2016-08-26T20:38:16","guid":{"rendered":"https:\/\/www.cvn.com.co\/?p=19422"},"modified":"2016-08-26T20:38:16","modified_gmt":"2016-08-26T20:38:16","slug":"este-fin-de-semana-concluye-la-feria-expocamacol-2016","status":"publish","type":"post","link":"https:\/\/www.cvn.com.co\/en\/este-fin-de-semana-concluye-la-feria-expocamacol-2016\/","title":{"rendered":"Este fin de semana concluye la feria ExpoCamacol 2016"},"content":{"rendered":"<p>[vc_row][vc_column][vc_empty_space][vc_column_text]<\/p>\n<p class=\"INTRO\" style=\"text-align: justify;\">La feria de construcci\u00f3n ExpoCamacol que est\u00e1 llevando a cabo en Medell\u00edn, Colombia, se realiza hace 22 a\u00f1os en esta ciudad, empez\u00f3 el mi\u00e9rcoles 24 de agosto y culminar\u00e1 este s\u00e1bado 27 y seg\u00fan se proyect\u00f3, las expectativas de negocio en esos cuatro d\u00edas ser\u00e1 por m\u00e1s de USD 200 millones.<\/p>\n<p>[\/vc_column_text][\/vc_column][\/vc_row][vc_row][vc_column][dt_call_to_action background=&#8221;fancy&#8221; line=&#8221;true&#8221; style=&#8221;1&#8243; animation=&#8221;bounceInRight&#8221;]<span style=\"font-size: 12pt; color: #333333;\">[dt_gap height=&#8221;3&#8243;\/]\u00a0<\/span><\/p>\n<p class=\"p1\"><span class=\"s1\" style=\"font-size: 18pt; color: #1aa8b8;\"><\/span><\/p>\n<p><em>\u00a0<\/em> [\/dt_call_to_action][\/vc_column][\/vc_row][vc_row][vc_column][vc_column_text]<\/p>\n<p>&nbsp;<\/p>\n<p style=\"text-align: justify;\">Desde el 24 de agosto y hasta este s\u00e1bado 27 se estar\u00e1 llevando a cabo la versi\u00f3n n\u00famero 22 de la feria de construcci\u00f3n ExpoCamacol 2016, que se realiza en la plataforma de negocios Plaza Mayor, ubicada en la ciudad de Medell\u00edn. La Feria, en este a\u00f1o, tiene como principales objetivos mejorar la competitividad de la cadena de valor y afianzar las relaciones empresariales.<\/p>\n<p style=\"text-align: justify;\">Hasta el momento, seg\u00fan lo da a conocer Caracol Radio, a ExpoCamacol han logrado ingresar m\u00e1s de 60 mil personas, de las cuales 1.500 corresponden a visitantes de 42 pa\u00edses. As\u00ed mismo, se proyecta alcanzar expectativas de negocios por m\u00e1s de USD 250 millones.<\/p>\n<p style=\"text-align: justify;\">Tambi\u00e9n es v\u00e1lido mencionar que, durante la realizaci\u00f3n de ExpoCamacol, se llev\u00f3 a cabo el primer Comit\u00e9 Nacional de Exportadores del Sector de la Construcci\u00f3n, que tuvo como prop\u00f3sito fortalecer la cadena de valor como parte de una estrategia para mejorar la competitividad y posicionar las empresas proveedoras de insumos y materiales en el mercado internacional.<\/p>\n<p style=\"text-align: justify;\">Seg\u00fan afirma Camacol a la Revista Dinero, ExpoCamacol se consolida como una de las muestras comerciales m\u00e1s completas e innovadoras de Am\u00e9rica Latina, y hasta este s\u00e1bado mostrar\u00e1 a m\u00e1s de 450 expositores que exhibir\u00e1n cerca de 600 productos y servicios a los participantes y visitantes tanto nacionales como extranjeros de la feria.<\/p>\n<p style=\"text-align: justify;\">Por \u00faltimo, y como dato adicional, en Medell\u00edn la construcci\u00f3n representa el 6% del tejido empresarial y el 8% del Producto Interno Bruto, y en los \u00faltimos a\u00f1os se ha convertido en la despensa de materiales construcci\u00f3n de muchos pa\u00edses.<\/p>\n<p>&nbsp;<\/p>\n<p>[\/vc_column_text][vc_column_text]<\/p>\n<p style=\"text-align: justify;\">\n<p style=\"text-align: justify;\">Fuente<\/p>\n<p style=\"text-align: justify;\"><a href=\"http:\/\/telemedellin.tv\/comenzo-expocamacol-2016\/\">Comenz\u00f3 en Medell\u00edn ExpoCamacol 2016, la feria de la construcci\u00f3n<\/a> \u2013 TeleMedell\u00edn.tv<\/p>\n<p style=\"text-align: justify;\"><a href=\"http:\/\/www.dinero.com\/economia\/articulo\/empresas-destacadas-en-expocamacol-2016\/231250\">Algunas de las empresas m\u00e1s destacadas de Expocamacol 2016<\/a> \u2013 Revista Dinero<\/p>\n<p style=\"text-align: justify;\"><a href=\"http:\/\/caracol.com.co\/emisora\/2016\/08\/26\/medellin\/1472235564_569919.html\">Expocamacol superar\u00e1 negocios por 250 millones de d\u00f3lares<\/a> \u2013 Caracol Radio<\/p>\n<p>&nbsp;<\/p>\n<p>[\/vc_column_text][\/vc_column][\/vc_row][vc_row][vc_column][\/vc_column][\/vc_row]<\/p>\n","protected":false},"excerpt":{"rendered":"<p>[vc_row][vc_column][vc_empty_space][vc_column_text] La feria de construcci\u00f3n ExpoCamacol que est\u00e1 llevando a cabo en Medell\u00edn, Colombia, se realiza hace 22 a\u00f1os en esta ciudad, empez\u00f3 el mi\u00e9rcoles 24 de agosto y culminar\u00e1 este s\u00e1bado 27 y seg\u00fan se proyect\u00f3, las expectativas de negocio en esos cuatro d\u00edas ser\u00e1 por m\u00e1s de USD 200 millones. [\/vc_column_text][\/vc_column][\/vc_row][vc_row][vc_column][dt_call_to_action background=&#8221;fancy&#8221; line=&#8221;true&#8221; [&hellip;]<\/p>\n","protected":false},"author":1,"featured_media":0,"comment_status":"closed","ping_status":"closed","sticky":false,"template":"","format":"standard","meta":{"_acf_changed":false,"_joinchat":[],"footnotes":""},"categories":[36],"tags":[],"class_list":["post-19422","post","type-post","status-publish","format-standard","hentry","category-new-trade","entry","owp-thumbs-layout-horizontal","owp-btn-normal","owp-tabs-layout-horizontal","has-no-thumbnails","has-product-nav"],"acf":[],"_links":{"self":[{"href":"https:\/\/www.cvn.com.co\/en\/wp-json\/wp\/v2\/posts\/19422","targetHints":{"allow":["GET"]}}],"collection":[{"href":"https:\/\/www.cvn.com.co\/en\/wp-json\/wp\/v2\/posts"}],"about":[{"href":"https:\/\/www.cvn.com.co\/en\/wp-json\/wp\/v2\/types\/post"}],"author":[{"embeddable":true,"href":"https:\/\/www.cvn.com.co\/en\/wp-json\/wp\/v2\/users\/1"}],"replies":[{"embeddable":true,"href":"https:\/\/www.cvn.com.co\/en\/wp-json\/wp\/v2\/comments?post=19422"}],"version-history":[{"count":0,"href":"https:\/\/www.cvn.com.co\/en\/wp-json\/wp\/v2\/posts\/19422\/revisions"}],"wp:attachment":[{"href":"https:\/\/www.cvn.com.co\/en\/wp-json\/wp\/v2\/media?parent=19422"}],"wp:term":[{"taxonomy":"category","embeddable":true,"href":"https:\/\/www.cvn.com.co\/en\/wp-json\/wp\/v2\/categories?post=19422"},{"taxonomy":"post_tag","embeddable":true,"href":"https:\/\/www.cvn.com.co\/en\/wp-json\/wp\/v2\/tags?post=19422"}],"curies":[{"name":"wp","href":"https:\/\/api.w.org\/{rel}","templated":true}]}}