{"id":19425,"date":"2016-08-26T13:59:46","date_gmt":"2016-08-26T13:59:46","guid":{"rendered":"https:\/\/www.cvn.com.co\/?p=19425"},"modified":"2016-08-26T13:59:46","modified_gmt":"2016-08-26T13:59:46","slug":"en-panama-revelan-que-la-papa-transgenica-puede-ser-resistente-a-las-plagas","status":"publish","type":"post","link":"https:\/\/www.cvn.com.co\/en\/en-panama-revelan-que-la-papa-transgenica-puede-ser-resistente-a-las-plagas\/","title":{"rendered":"En Panam\u00e1 revelan que la papa transg\u00e9nica puede ser resistente a las plagas"},"content":{"rendered":"<p>[vc_row][vc_column][vc_empty_space][vc_column_text]<\/p>\n<p class=\"INTRO\" style=\"text-align: justify;\">Seg\u00fan lo indic\u00f3 el experto y funcionario paname\u00f1o, Arnulfo Guti\u00e9rrez en el Congreso de la Asociaci\u00f3n Latinoamericano de la Papa (ALAP) que se celebr\u00f3 esta semana en Ciudad de Panam\u00e1, la pap\u00e1 gen\u00e9ticamente modificada ser\u00eda m\u00e1s resistente a las plagas y al cambio clim\u00e1tico.<\/p>\n<p>[\/vc_column_text][\/vc_column][\/vc_row][vc_row][vc_column][dt_call_to_action background=&#8221;fancy&#8221; line=&#8221;true&#8221; style=&#8221;1&#8243; animation=&#8221;bounceInRight&#8221;]<span style=\"font-size: 12pt; color: #333333;\">[dt_gap height=&#8221;3&#8243;\/]\u00a0<\/span><\/p>\n<p class=\"p1\"><span class=\"s1\" style=\"font-size: 18pt; color: #1aa8b8;\"><\/span><\/p>\n<p><em>\u00a0<\/em> [\/dt_call_to_action][\/vc_column][\/vc_row][vc_row][vc_column][vc_column_text]<\/p>\n<p>&nbsp;<\/p>\n<p style=\"text-align: justify;\">La semana pasada se llev\u00f3 a cabo en la ciudad de Panam\u00e1, el Congreso No 27 de la Asociaci\u00f3n Latinoamericana de la Papa (ALAP). En \u00e9l, el experto conocedor del tema, Arnulfo Guti\u00e9rrez \u2013quien presidi\u00f3 el comit\u00e9 organizador del congreso\u2013 explic\u00f3 que la papa gen\u00e9ticamente modificada puede poseer propiedades que la hacen m\u00e1s resistente a las plagas e inclusive a los efectos producidos por el cambio clim\u00e1tico.<\/p>\n<p style=\"text-align: justify;\">Del mismo modo, el funcionario y especialista Guti\u00e9rrez indic\u00f3 en el Congreso que, la papa alterada o modificada gen\u00e9ticamente es un avance muy importante desde el punto de vista cient\u00edfico, pero a la vez hizo hincapi\u00e9 en que solo se podr\u00e1 aprovechar siempre y cuando la sociedad acepte estos productos, es decir los alimentos con esta tecnolog\u00eda.<\/p>\n<p style=\"text-align: justify;\">Aunque en Am\u00e9rica Latina a\u00fan no han salido al mercado productos o variedades de papa modificada, hay varios pa\u00edses en otros lugares el mundo donde si existe esta papa con modificaci\u00f3n transg\u00e9nica de tolerancia y resistencia con el componente Bacillus thuringiensis (o Bt), que es una bacteria insecticida, la cual la hace resistente a las plagas agr\u00edcolas.<\/p>\n<p style=\"text-align: justify;\">El especialista resalt\u00f3 tambi\u00e9n que, hallar la soluci\u00f3n a las plagas que afectan la producci\u00f3n agr\u00edcola por la v\u00eda del mejoramiento gen\u00e9tico convencional no es f\u00e1cil, por lo que el asunto se enfoca hacia la introducci\u00f3n de genes que no sean propios de la especie para lograr el \u00e9xito en la producci\u00f3n.<\/p>\n<p style=\"text-align: justify;\">Finalmente, la W Radio dio a conocer que el Centro Internacional de la Papa, con sede principal en Lima, Per\u00fa, trabaja igualmente en la l\u00ednea de mejoramiento gen\u00e9tico o de nuevas variedades del tub\u00e9rculo con tolerancia a m\u00e1s altas temperaturas y enfermedades que puede ocasionar el cambio clim\u00e1tico.<\/p>\n<p>&nbsp;<\/p>\n<p>[\/vc_column_text][vc_column_text]<\/p>\n<p style=\"text-align: justify;\">\n<p style=\"text-align: justify;\">Fuente<\/p>\n<p style=\"text-align: justify;\"><a href=\"http:\/\/www.wradio.com.co\/noticias\/economia\/la-papa-tiene-en-el-mejoramiento-genetico-su-mejor-opcion-ante-las-plagas\/20160827\/nota\/3229207.aspx\">La papa tiene en el mejoramiento gen\u00e9tico su mejor opci\u00f3n ante las plagas<\/a> \u2013 La W Radio<\/p>\n<p style=\"text-align: justify;\"><a href=\"http:\/\/www.elnuevodia.com\/ciencia\/ciencia\/nota\/papastransgenicaspuedenresistirplagasycambiosclimaticos-2235157\/\">Papas transg\u00e9nicas pueden resistir plagas y cambios clim\u00e1ticos<\/a> \u2013 El Nuevo D\u00eda, PR<\/p>\n<p>&nbsp;<\/p>\n<p>[\/vc_column_text][\/vc_column][\/vc_row][vc_row][vc_column][\/vc_column][\/vc_row]<\/p>\n","protected":false},"excerpt":{"rendered":"<p>[vc_row][vc_column][vc_empty_space][vc_column_text] Seg\u00fan lo indic\u00f3 el experto y funcionario paname\u00f1o, Arnulfo Guti\u00e9rrez en el Congreso de la Asociaci\u00f3n Latinoamericano de la Papa (ALAP) que se celebr\u00f3 esta semana en Ciudad de Panam\u00e1, la pap\u00e1 gen\u00e9ticamente modificada ser\u00eda m\u00e1s resistente a las plagas y al cambio clim\u00e1tico. [\/vc_column_text][\/vc_column][\/vc_row][vc_row][vc_column][dt_call_to_action background=&#8221;fancy&#8221; line=&#8221;true&#8221; style=&#8221;1&#8243; animation=&#8221;bounceInRight&#8221;][dt_gap height=&#8221;3&#8243;\/]\u00a0 \u00a0 [\/dt_call_to_action][\/vc_column][\/vc_row][vc_row][vc_column][vc_column_text] &nbsp; La [&hellip;]<\/p>\n","protected":false},"author":1,"featured_media":0,"comment_status":"closed","ping_status":"closed","sticky":false,"template":"","format":"standard","meta":{"_acf_changed":false,"_joinchat":[],"footnotes":""},"categories":[34],"tags":[],"class_list":["post-19425","post","type-post","status-publish","format-standard","hentry","category-new-chemical","entry","owp-thumbs-layout-horizontal","owp-btn-normal","owp-tabs-layout-horizontal","has-no-thumbnails","has-product-nav"],"acf":[],"_links":{"self":[{"href":"https:\/\/www.cvn.com.co\/en\/wp-json\/wp\/v2\/posts\/19425","targetHints":{"allow":["GET"]}}],"collection":[{"href":"https:\/\/www.cvn.com.co\/en\/wp-json\/wp\/v2\/posts"}],"about":[{"href":"https:\/\/www.cvn.com.co\/en\/wp-json\/wp\/v2\/types\/post"}],"author":[{"embeddable":true,"href":"https:\/\/www.cvn.com.co\/en\/wp-json\/wp\/v2\/users\/1"}],"replies":[{"embeddable":true,"href":"https:\/\/www.cvn.com.co\/en\/wp-json\/wp\/v2\/comments?post=19425"}],"version-history":[{"count":0,"href":"https:\/\/www.cvn.com.co\/en\/wp-json\/wp\/v2\/posts\/19425\/revisions"}],"wp:attachment":[{"href":"https:\/\/www.cvn.com.co\/en\/wp-json\/wp\/v2\/media?parent=19425"}],"wp:term":[{"taxonomy":"category","embeddable":true,"href":"https:\/\/www.cvn.com.co\/en\/wp-json\/wp\/v2\/categories?post=19425"},{"taxonomy":"post_tag","embeddable":true,"href":"https:\/\/www.cvn.com.co\/en\/wp-json\/wp\/v2\/tags?post=19425"}],"curies":[{"name":"wp","href":"https:\/\/api.w.org\/{rel}","templated":true}]}}