{"id":19795,"date":"2016-10-03T12:57:45","date_gmt":"2016-10-03T12:57:45","guid":{"rendered":"https:\/\/www.cvn.com.co\/?p=19795"},"modified":"2016-10-03T12:57:45","modified_gmt":"2016-10-03T12:57:45","slug":"aema-alerta-sobre-peligros-del-auge-de-los-autos-electricos","status":"publish","type":"post","link":"https:\/\/www.cvn.com.co\/en\/aema-alerta-sobre-peligros-del-auge-de-los-autos-electricos\/","title":{"rendered":"AEMA alerta sobre peligros del auge de los autos el\u00e9ctricos"},"content":{"rendered":"<p>[vc_row][vc_column][vc_empty_space][vc_column_text]<\/p>\n<p style=\"text-align: justify;\">AEMA (Agencia Europea del Medio Ambiente) alerta sobre peligros del auge de los autos el\u00e9ctricos si no se modifica la forma de obtener la electricidad en algunos pa\u00edses.<\/p>\n<p>[\/vc_column_text][vc_empty_space][dt_call_to_action background=&#8221;fancy&#8221; line=&#8221;true&#8221; style=&#8221;1&#8243; animation=&#8221;bounceInRight&#8221;]<span style=\"font-size: 12pt; color: #333333;\">[dt_gap height=&#8221;3&#8243;\/]\u00a0<\/span><\/p>\n<p class=\"p1\"><span class=\"s1\" style=\"font-size: 18pt; color: #1aa8b8;\"><\/span><\/p>\n<p><em>\u00a0<\/em> [\/dt_call_to_action][vc_empty_space][\/vc_column][\/vc_row][vc_row][vc_column][vc_column_text]<\/p>\n<p style=\"text-align: justify;\">\n<p style=\"text-align: justify;\">Seg\u00fan el art\u00edculo del portal Cinco D\u00edas, la entidad \u201ccalcula que los coches el\u00e9ctricos podr\u00edan suponer en 2030 entre el 4% y el 5% del consumo total de electricidad y dispararse hasta el 9,5% en 2050, seg\u00fan las nuevas proyecciones publicadas la semana pasada. El estudio se basa en que el 50% del parque automovil\u00edstico sea el\u00e9ctrico en 2030 y el 80% en 2050\u201d.<\/p>\n<p style=\"text-align: justify;\">\u201cLa bater\u00eda de un Tesla son 85 kw y recargar un mill\u00f3n de Teslas en carga lenta [8 horas] supone 10 GW de consumo cada hora. Para cubrir el aumento de la demanda, se precisar\u00e1 de una capacidad de generaci\u00f3n adicional en toda Europa de 150GW, muy por encima de los 20GW de capacidad adicional previstos en el escenario de base calculado en 2013\u201d.<\/p>\n<p style=\"text-align: justify;\">La gerente de proyectos de investigaci\u00f3n de la Agencia, Magdalena Jozwicka, alert\u00f3 sobre los peligros que podr\u00eda traer esta situaci\u00f3n en pa\u00edses en donde hay una gran dependencia de los combustibles f\u00f3siles para la generaci\u00f3n de energ\u00eda el\u00e9ctrica, inform\u00f3 El Cronista.<\/p>\n<p style=\"text-align: justify;\">Adicionalmente, \u201cla necesidad de tanta energ\u00eda nueva para autos el\u00e9ctricos podr\u00eda provocar tensi\u00f3n en la infraestructura de electricidad, especialmente donde ya hay mucha energ\u00eda renovable\u201d. Por su naturaleza fluctuante, \u201cpodr\u00eda ser un gran desaf\u00edo coordinar la demanda de energ\u00eda proveniente de los veh\u00edculos el\u00e9ctricos\u201d.<\/p>\n<p style=\"text-align: justify;\">\n<p>[\/vc_column_text][vc_empty_space][vc_column_text]<\/p>\n<p style=\"text-align: justify;\">\n<p style=\"text-align: justify;\"><b>Fuente:<\/b><\/p>\n<p style=\"text-align: justify;\"><a href=\"http:\/\/cincodias.com\/cincodias\/2016\/09\/30\/empresas\/1475258651_836435.html\"><span style=\"font-weight: 400;\">El coche el\u00e9ctrico requerir\u00e1 energ\u00eda equivalente a 18 centrales nucleares<\/span><\/a><span style=\"font-weight: 400;\"> &#8211; Cinco D\u00edas<\/span><\/p>\n<p style=\"text-align: justify;\"><a href=\"http:\/\/www.cronista.com\/financialtimes\/Los-autos-electricos-no-evitan-la-contaminacion-20160927-0025.html\"><span style=\"font-weight: 400;\">Los autos el\u00e9ctricos no evitan la contaminaci\u00f3n<\/span><\/a><span style=\"font-weight: 400;\"> &#8211; El Cronista<\/span><\/p>\n<p style=\"text-align: justify;\">\n<p>[\/vc_column_text][\/vc_column][\/vc_row]<\/p>\n","protected":false},"excerpt":{"rendered":"<p>[vc_row][vc_column][vc_empty_space][vc_column_text] AEMA (Agencia Europea del Medio Ambiente) alerta sobre peligros del auge de los autos el\u00e9ctricos si no se modifica la forma de obtener la electricidad en algunos pa\u00edses. [\/vc_column_text][vc_empty_space][dt_call_to_action background=&#8221;fancy&#8221; line=&#8221;true&#8221; style=&#8221;1&#8243; animation=&#8221;bounceInRight&#8221;][dt_gap height=&#8221;3&#8243;\/]\u00a0 \u00a0 [\/dt_call_to_action][vc_empty_space][\/vc_column][\/vc_row][vc_row][vc_column][vc_column_text] Seg\u00fan el art\u00edculo del portal Cinco D\u00edas, la entidad \u201ccalcula que los coches el\u00e9ctricos podr\u00edan suponer en 2030 [&hellip;]<\/p>\n","protected":false},"author":1,"featured_media":0,"comment_status":"closed","ping_status":"closed","sticky":false,"template":"","format":"standard","meta":{"_acf_changed":false,"_joinchat":[],"footnotes":""},"categories":[39],"tags":[],"class_list":["post-19795","post","type-post","status-publish","format-standard","hentry","category-new-technology","entry","owp-thumbs-layout-horizontal","owp-btn-normal","owp-tabs-layout-horizontal","has-no-thumbnails","has-product-nav"],"acf":[],"_links":{"self":[{"href":"https:\/\/www.cvn.com.co\/en\/wp-json\/wp\/v2\/posts\/19795","targetHints":{"allow":["GET"]}}],"collection":[{"href":"https:\/\/www.cvn.com.co\/en\/wp-json\/wp\/v2\/posts"}],"about":[{"href":"https:\/\/www.cvn.com.co\/en\/wp-json\/wp\/v2\/types\/post"}],"author":[{"embeddable":true,"href":"https:\/\/www.cvn.com.co\/en\/wp-json\/wp\/v2\/users\/1"}],"replies":[{"embeddable":true,"href":"https:\/\/www.cvn.com.co\/en\/wp-json\/wp\/v2\/comments?post=19795"}],"version-history":[{"count":0,"href":"https:\/\/www.cvn.com.co\/en\/wp-json\/wp\/v2\/posts\/19795\/revisions"}],"wp:attachment":[{"href":"https:\/\/www.cvn.com.co\/en\/wp-json\/wp\/v2\/media?parent=19795"}],"wp:term":[{"taxonomy":"category","embeddable":true,"href":"https:\/\/www.cvn.com.co\/en\/wp-json\/wp\/v2\/categories?post=19795"},{"taxonomy":"post_tag","embeddable":true,"href":"https:\/\/www.cvn.com.co\/en\/wp-json\/wp\/v2\/tags?post=19795"}],"curies":[{"name":"wp","href":"https:\/\/api.w.org\/{rel}","templated":true}]}}