{"id":19804,"date":"2016-10-04T20:12:07","date_gmt":"2016-10-04T20:12:07","guid":{"rendered":"https:\/\/www.cvn.com.co\/?p=19804"},"modified":"2016-10-04T20:12:07","modified_gmt":"2016-10-04T20:12:07","slug":"ministerio-de-transporte-define-medidas-para-normalizar-matriculas-de-camiones","status":"publish","type":"post","link":"https:\/\/www.cvn.com.co\/en\/ministerio-de-transporte-define-medidas-para-normalizar-matriculas-de-camiones\/","title":{"rendered":"Ministerio de Transporte define medidas para normalizar matr\u00edculas de camiones"},"content":{"rendered":"<p>[vc_row][vc_column][vc_empty_space][vc_column_text]<\/p>\n<p class=\"INTRO\" style=\"text-align: justify;\">El gobierno nacional junto con el Ministro de Transporte, Jorge Eduardo Rojas expidieron el decreto 1514 del 2016 donde se define el mecanismo con el que se normalizar\u00e1 las matr\u00edculas irregulares de los veh\u00edculos de transporte de carga.<\/p>\n<p>[\/vc_column_text][\/vc_column][\/vc_row][vc_row][vc_column][dt_call_to_action background=&#8221;fancy&#8221; line=&#8221;true&#8221; style=&#8221;1&#8243; animation=&#8221;bounceInRight&#8221;]<span style=\"font-size: 12pt; color: #333333;\">[dt_gap height=&#8221;3&#8243;\/]\u00a0<\/span><\/p>\n<p class=\"p1\"><span class=\"s1\" style=\"font-size: 18pt; color: #1aa8b8;\"><\/span><\/p>\n<p><em>\u00a0<\/em> [\/dt_call_to_action][\/vc_column][\/vc_row][vc_row][vc_column][vc_column_text]<\/p>\n<p>&nbsp;<\/p>\n<p style=\"text-align: justify;\">Este lunes, el Ministro de Transporte, Jorge Eduardo Rojas expidi\u00f3 el decreto 1514 del 2016 donde se pretende establecer un mecanismo para normalizar los camiones que se han identificado con matr\u00edculas irregulares. Se cree que son cerca de 10.000 veh\u00edculos de carga los que tienen falencias en los procesos de matr\u00edcula inicial.<\/p>\n<p style=\"text-align: justify;\">Este decreto da plazo de un a\u00f1o para que los propietarios de los camiones que se encuentran en esta condici\u00f3n, cumplan con los requisitos de una matr\u00edcula legal. A lo cual el Viceministro de Transporte, Alejandro Maya, manifest\u00f3 que espera que, en septiembre del 2017, realizado el balance de la aplicaci\u00f3n de la norma, se pueda reportar un n\u00famero importante de veh\u00edculos que han saneado el procedimiento de matr\u00edcula inicial, igualmente enfatiz\u00f3 que todo depender\u00e1 de la voluntad del propietario del veh\u00edculo.<\/p>\n<p style=\"text-align: justify;\">Seg\u00fan lo dio a conocer la Revista Portafolio, para que los propietarios de los camiones puedan empezar con el proceso de normalizaci\u00f3n, el Ministerio contempla dos omisiones: La primera se refiere al caso donde el ciudadano matricul\u00f3 el veh\u00edculo demostrando ante el organismo de tr\u00e1nsito que ya hab\u00eda radicado los documentos ante el Mintransporte para obtener el certificado de cumplimiento de requisitos o para la aprobaci\u00f3n de la p\u00f3liza. Es decir, se cumpli\u00f3 con el requisito de ley, pero se present\u00f3 un problema de tiempo entre el radicado y la respuesta del Ministerio.<\/p>\n<p style=\"text-align: justify;\">Y la segunda se refiere a aquellos donde el veh\u00edculo fue matriculado omitiendo el requisito previo del certificado de cumplimiento de requisitos o de aprobaci\u00f3n de p\u00f3liza, sin existir de por medio la expedici\u00f3n de documentos falsos; para estos casos, la Fiscal\u00eda determinar\u00eda la responsabilidad penal que corresponda. Al veh\u00edculo que presente el inconveniente, se le publicar\u00e1 en su registro, a trav\u00e9s del Registro \u00danico Nacional de Tr\u00e1nsito (Runt).<\/p>\n<p style=\"text-align: justify;\">Finalmente, en caso tal de que al a\u00f1o estos camiones no hayan cumplido con lo exigido se proceder\u00e1 desde acciones legales hasta operativos para ubicar los veh\u00edculos y ponerlos a disposici\u00f3n de las autoridades.<\/p>\n<p>&nbsp;<\/p>\n<p>[\/vc_column_text][vc_column_text]<\/p>\n<p style=\"text-align: justify;\">\n<p style=\"text-align: justify;\">Fuente<\/p>\n<p style=\"text-align: justify;\"><a href=\"http:\/\/www.portafolio.co\/economia\/las-medidas-para-matriculas-de-camiones-500770\">Definen medidas para normalizar matr\u00edculas irregulares de camiones<\/a> \u2013 Revista Portafolio<\/p>\n<p style=\"text-align: justify;\"><a href=\"http:\/\/www.eltiempo.com\/economia\/sectores\/plazo-para-formalizar-camiones-irregulares\/16717664\">Un a\u00f1o de plazo para formalizar unos 10 mil camiones irregulares<\/a> \u2013 El Tiempo<\/p>\n<p>&nbsp;<\/p>\n<p>[\/vc_column_text][\/vc_column][\/vc_row][vc_row][vc_column][\/vc_column][\/vc_row]<\/p>\n","protected":false},"excerpt":{"rendered":"<p>[vc_row][vc_column][vc_empty_space][vc_column_text] El gobierno nacional junto con el Ministro de Transporte, Jorge Eduardo Rojas expidieron el decreto 1514 del 2016 donde se define el mecanismo con el que se normalizar\u00e1 las matr\u00edculas irregulares de los veh\u00edculos de transporte de carga. [\/vc_column_text][\/vc_column][\/vc_row][vc_row][vc_column][dt_call_to_action background=&#8221;fancy&#8221; line=&#8221;true&#8221; style=&#8221;1&#8243; animation=&#8221;bounceInRight&#8221;][dt_gap height=&#8221;3&#8243;\/]\u00a0 \u00a0 [\/dt_call_to_action][\/vc_column][\/vc_row][vc_row][vc_column][vc_column_text] &nbsp; Este lunes, el Ministro de Transporte, Jorge [&hellip;]<\/p>\n","protected":false},"author":1,"featured_media":0,"comment_status":"closed","ping_status":"closed","sticky":false,"template":"","format":"standard","meta":{"_acf_changed":false,"_joinchat":[],"footnotes":""},"categories":[37],"tags":[],"class_list":["post-19804","post","type-post","status-publish","format-standard","hentry","category-new_automotive","entry","owp-thumbs-layout-horizontal","owp-btn-normal","owp-tabs-layout-horizontal","has-no-thumbnails","has-product-nav"],"acf":[],"_links":{"self":[{"href":"https:\/\/www.cvn.com.co\/en\/wp-json\/wp\/v2\/posts\/19804","targetHints":{"allow":["GET"]}}],"collection":[{"href":"https:\/\/www.cvn.com.co\/en\/wp-json\/wp\/v2\/posts"}],"about":[{"href":"https:\/\/www.cvn.com.co\/en\/wp-json\/wp\/v2\/types\/post"}],"author":[{"embeddable":true,"href":"https:\/\/www.cvn.com.co\/en\/wp-json\/wp\/v2\/users\/1"}],"replies":[{"embeddable":true,"href":"https:\/\/www.cvn.com.co\/en\/wp-json\/wp\/v2\/comments?post=19804"}],"version-history":[{"count":0,"href":"https:\/\/www.cvn.com.co\/en\/wp-json\/wp\/v2\/posts\/19804\/revisions"}],"wp:attachment":[{"href":"https:\/\/www.cvn.com.co\/en\/wp-json\/wp\/v2\/media?parent=19804"}],"wp:term":[{"taxonomy":"category","embeddable":true,"href":"https:\/\/www.cvn.com.co\/en\/wp-json\/wp\/v2\/categories?post=19804"},{"taxonomy":"post_tag","embeddable":true,"href":"https:\/\/www.cvn.com.co\/en\/wp-json\/wp\/v2\/tags?post=19804"}],"curies":[{"name":"wp","href":"https:\/\/api.w.org\/{rel}","templated":true}]}}