{"id":19943,"date":"2016-10-12T20:32:15","date_gmt":"2016-10-12T20:32:15","guid":{"rendered":"https:\/\/www.cvn.com.co\/?p=19943"},"modified":"2016-10-12T20:32:15","modified_gmt":"2016-10-12T20:32:15","slug":"sector-de-calzado-en-argentina-se-encuentra-en-crisis","status":"publish","type":"post","link":"https:\/\/www.cvn.com.co\/en\/sector-de-calzado-en-argentina-se-encuentra-en-crisis\/","title":{"rendered":"Sector de calzado en Argentina se encuentra en crisis"},"content":{"rendered":"<p>[vc_row][vc_column][vc_empty_space][vc_column_text]<\/p>\n<p class=\"INTRO\" style=\"text-align: justify;\">Seg\u00fan lo da a conocer la C\u00e1mara de Calzado de C\u00f3rdoba, Argentina, el sector de calzado en esta provincia del pa\u00eds se encuentra pasando por una fuerte crisis econ\u00f3mica. Las ventas reducidas y el ingreso indiscriminado de las importaciones han influido en esta situaci\u00f3n. Los m\u00e1s afectados: trabajadores de las f\u00e1bricas cordobeses.<\/p>\n<p>[\/vc_column_text][\/vc_column][\/vc_row][vc_row][vc_column][dt_call_to_action background=&#8221;fancy&#8221; line=&#8221;true&#8221; style=&#8221;1&#8243; animation=&#8221;bounceInRight&#8221;]<span style=\"font-size: 12pt; color: #333333;\">[dt_gap height=&#8221;3&#8243;\/]\u00a0<\/span><\/p>\n<p class=\"p1\"><span class=\"s1\" style=\"font-size: 18pt; color: #1aa8b8;\"><\/span><\/p>\n<p><em>\u00a0<\/em> [\/dt_call_to_action][\/vc_column][\/vc_row][vc_row][vc_column][vc_column_text]<\/p>\n<p>&nbsp;<\/p>\n<p style=\"text-align: justify;\">En la provincia de C\u00f3rdoba en Argentina, el sector del calzado emplea a cerca de 3.000 personas, no obstante, la crisis econ\u00f3mica por la que se encuentra pasando no solo esta regi\u00f3n sino todo el pa\u00eds en general, ha provocado que unos 1.200 colaboradores de las f\u00e1bricas de calzado se hayan visto afectados por esta situaci\u00f3n.<\/p>\n<p style=\"text-align: justify;\">Las compa\u00f1\u00edas fabricantes de calzado en la provincia han tenido que recurrir a suspensiones y vacaciones anticipadas para poder solventar gastos. Sin embargo, la preocupaci\u00f3n no cesa por pensar en el futuro de los colaboradores y de las empresas como tal.<\/p>\n<p style=\"text-align: justify;\">No obstante, el sector del calzado no es el \u00fanico que ha sufrido las consecuencias de la crisis econ\u00f3mica. Seg\u00fan lo manifiesta D\u00eda a D\u00eda de Argentina, en la Uni\u00f3n Obrera Metal\u00fargica (UOM), el titular, Rub\u00e9n Urbano, dijo que varias plantas fabriles est\u00e1n otorgando vacaciones anticipadas a sus operarios por la falta de actividad.<\/p>\n<p style=\"text-align: justify;\">Seg\u00fan lo explica Miguel Hames, presidente de la C\u00e1mara del Calzado de C\u00f3rdoba, el sector no repunta debido a la baja en las ventas y al ingreso indiscriminado de importaciones. El consumo no reacciona y los comerciantes no les compran a las f\u00e1bricas. Es la primera vez que la situaci\u00f3n se encuentra en un punto tan dif\u00edcil. Adem\u00e1s agreg\u00f3 que, las f\u00e1bricas vienen soportando el momento, pero que en la actualidad se hace casi imposible.<\/p>\n<p style=\"text-align: justify;\">Argentina viene atravesando ya diez meses de recesi\u00f3n, y se dice que el ingreso masivo de calzado proveniente de Brasil, de buena calidad y a bajo costo, comenz\u00f3 a agujerear el sistema productivo del pa\u00eds. Lo peor es que seg\u00fan las proyecciones, el 2017 ser\u00e1 un a\u00f1o dif\u00edcil para el sector de calzado y los dem\u00e1s en general.<\/p>\n<p>&nbsp;<\/p>\n<p>[\/vc_column_text][vc_column_text]<\/p>\n<p style=\"text-align: justify;\">\n<p style=\"text-align: justify;\">Fuente<\/p>\n<p style=\"text-align: justify;\"><a href=\"http:\/\/www.diaadia.com.ar\/cordoba\/casi-la-mitad-del-empleo-en-el-sector-del-calzado-esta-afectado\">Casi la mitad del empleo en el sector del calzado est\u00e1 afectado<\/a> \u2013 D\u00eda a D\u00eda, Argentina<\/p>\n<p style=\"text-align: justify;\"><a href=\"http:\/\/www.cba24n.com.ar\/content\/calzado-la-mitad-de-trabajadores-en-cordoba-afectados\">Calzado: la mitad de trabajadores en C\u00f3rdoba, afectados<\/a> \u2013 Cba24n, Argentina<\/p>\n<p>&nbsp;<\/p>\n<p>[\/vc_column_text][\/vc_column][\/vc_row][vc_row][vc_column][\/vc_column][\/vc_row]<\/p>\n","protected":false},"excerpt":{"rendered":"<p>[vc_row][vc_column][vc_empty_space][vc_column_text] Seg\u00fan lo da a conocer la C\u00e1mara de Calzado de C\u00f3rdoba, Argentina, el sector de calzado en esta provincia del pa\u00eds se encuentra pasando por una fuerte crisis econ\u00f3mica. Las ventas reducidas y el ingreso indiscriminado de las importaciones han influido en esta situaci\u00f3n. Los m\u00e1s afectados: trabajadores de las f\u00e1bricas cordobeses. [\/vc_column_text][\/vc_column][\/vc_row][vc_row][vc_column][dt_call_to_action background=&#8221;fancy&#8221; [&hellip;]<\/p>\n","protected":false},"author":1,"featured_media":0,"comment_status":"closed","ping_status":"closed","sticky":false,"template":"","format":"standard","meta":{"_acf_changed":false,"_joinchat":[],"footnotes":""},"categories":[36],"tags":[],"class_list":["post-19943","post","type-post","status-publish","format-standard","hentry","category-new-trade","entry","owp-thumbs-layout-horizontal","owp-btn-normal","owp-tabs-layout-horizontal","has-no-thumbnails","has-product-nav"],"acf":[],"_links":{"self":[{"href":"https:\/\/www.cvn.com.co\/en\/wp-json\/wp\/v2\/posts\/19943","targetHints":{"allow":["GET"]}}],"collection":[{"href":"https:\/\/www.cvn.com.co\/en\/wp-json\/wp\/v2\/posts"}],"about":[{"href":"https:\/\/www.cvn.com.co\/en\/wp-json\/wp\/v2\/types\/post"}],"author":[{"embeddable":true,"href":"https:\/\/www.cvn.com.co\/en\/wp-json\/wp\/v2\/users\/1"}],"replies":[{"embeddable":true,"href":"https:\/\/www.cvn.com.co\/en\/wp-json\/wp\/v2\/comments?post=19943"}],"version-history":[{"count":0,"href":"https:\/\/www.cvn.com.co\/en\/wp-json\/wp\/v2\/posts\/19943\/revisions"}],"wp:attachment":[{"href":"https:\/\/www.cvn.com.co\/en\/wp-json\/wp\/v2\/media?parent=19943"}],"wp:term":[{"taxonomy":"category","embeddable":true,"href":"https:\/\/www.cvn.com.co\/en\/wp-json\/wp\/v2\/categories?post=19943"},{"taxonomy":"post_tag","embeddable":true,"href":"https:\/\/www.cvn.com.co\/en\/wp-json\/wp\/v2\/tags?post=19943"}],"curies":[{"name":"wp","href":"https:\/\/api.w.org\/{rel}","templated":true}]}}