{"id":19946,"date":"2016-10-12T21:42:39","date_gmt":"2016-10-12T21:42:39","guid":{"rendered":"https:\/\/www.cvn.com.co\/?p=19946"},"modified":"2016-10-12T21:42:39","modified_gmt":"2016-10-12T21:42:39","slug":"seis-alimentos-se-podran-exportar-ahora-al-peru","status":"publish","type":"post","link":"https:\/\/www.cvn.com.co\/en\/seis-alimentos-se-podran-exportar-ahora-al-peru\/","title":{"rendered":"Seis alimentos se podr\u00e1n exportar ahora al Per\u00fa"},"content":{"rendered":"<p>[vc_row][vc_column][vc_empty_space][vc_column_text]<\/p>\n<p class=\"INTRO\" style=\"text-align: justify;\">Mediante un pacto firmado por los dos Ministros de Agricultura de Colombia y Per\u00fa, se anunci\u00f3 que desde el pa\u00eds cafetero se podr\u00e1n exportar ciertos productos alimenticios hacia el territorio inca y viceversa. Con ello, se pretende seguir mejorando las relaciones comerciales entre ambas naciones.<\/p>\n<p>[\/vc_column_text][\/vc_column][\/vc_row][vc_row][vc_column][dt_call_to_action background=&#8221;fancy&#8221; line=&#8221;true&#8221; style=&#8221;1&#8243; animation=&#8221;bounceInRight&#8221;]<span style=\"font-size: 12pt; color: #333333;\">[dt_gap height=&#8221;3&#8243;\/]\u00a0<\/span><\/p>\n<p class=\"p1\"><span class=\"s1\" style=\"font-size: 18pt; color: #1aa8b8;\"><\/span><\/p>\n<p><em>\u00a0<\/em> [\/dt_call_to_action][\/vc_column][\/vc_row][vc_row][vc_column][vc_column_text]<\/p>\n<p>&nbsp;<\/p>\n<p style=\"text-align: justify;\">El Ministro de Agricultura de Colombia, Aurelio Iragorri y el jefe de la cartera agropecuaria de Per\u00fa, Jos\u00e9 Manuel Hern\u00e1ndez anunciaron que ya se encuentran pr\u00e1cticamente listos los requisitos sanitarios para que se comercialicen ciertos productos alimenticios entre ambos territorios. Esto con el fin de incrementar y afianzar las relaciones comerciales entre estos pa\u00edses.<\/p>\n<p style=\"text-align: justify;\">En total, Colombia exportar\u00e1 pi\u00f1a, aguacate, carne de cerdo, pollo, huevos y cerdos vivos. As\u00ed mismo, las carteras agropecuarias de ambas naciones, se comprometieron a tener otra lista de siete productos con admisibilidad para finales del a\u00f1o en curso.<\/p>\n<p style=\"text-align: justify;\">En cuanto a las exportaciones peruanas hacia el pa\u00eds cafetero se podr\u00e1 vender aguacate hass, toronja, ar\u00e1ndonos, granada y aj\u00ed pimienta.<\/p>\n<p style=\"text-align: justify;\">Ante esta situaci\u00f3n, el Ministro peruano Hern\u00e1ndez destac\u00f3 el estrecho lazo de la pol\u00edtica de producci\u00f3n con el mercado interno fomentando el consumo local. \u201cNuestro reto es que el agricultor tenga m\u00e1s dinero en el bolsillo y por eso la importancia de sensibilizar a los consumidores urbanos, haci\u00e9ndoles ver, que todos los d\u00edas consumen lo que la gente del campo produce, impulsando as\u00ed nuestra gastronom\u00eda y haciendo \u00e9nfasis en las bondades para la salud y hasta los beneficios cosm\u00e9ticos. El prop\u00f3sito es que cada peruano sienta que es parte del agro\u201d asever\u00f3.<\/p>\n<p style=\"text-align: justify;\">Por su parte, el Ministro Iragorri destac\u00f3 que con este pacto, se buscar\u00e1 lograr que los peque\u00f1os agricultores, finqueros y agroindustriales tengan acceso a nuevos mercados, con lo que este a\u00f1o se espera lograr 24 nuevos destinos para las exportaciones agr\u00edcolas.<\/p>\n<p style=\"text-align: justify;\">Por \u00faltimo, seg\u00fan informaci\u00f3n del Ministerio de Agricultura, la balanza comercial de Colombia frente a Per\u00fa en el 2015 fue deficitaria en USD 64 millones. A marzo de 2016 el d\u00e9ficit fue USD 5 millones, 6,8% m\u00e1s que lo sucedido en igual periodo en 2015.<\/p>\n<p>&nbsp;<\/p>\n<p>[\/vc_column_text][vc_column_text]<\/p>\n<p style=\"text-align: justify;\">\n<p style=\"text-align: justify;\">Fuente<\/p>\n<p style=\"text-align: justify;\"><a href=\"https:\/\/www.minagricultura.gov.co\/noticias\/Paginas\/Exportadores-seis-nuevos-productos-del-agro-en-Per%C3%BA.aspx\">Exportadores podr\u00e1n comercializar seis nuevos productos del agro en Per\u00fa<\/a> \u2013 Ministerio de Agricultura y Desarrollo Rural<\/p>\n<p style=\"text-align: justify;\"><a href=\"http:\/\/www.bolsamania.com\/colombia\/noticias\/economia\/peru-y-colombia-firmaron-convenio-para-ampliar-la-oferta-comercial-entre-ambos-paises--1750968.html\">Per\u00fa y Colombia firmaron convenio para ampliar la oferta comercial entre ambos pa\u00edses<\/a> \u2013 Bolsa Man\u00eda<\/p>\n<p>&nbsp;<\/p>\n<p>[\/vc_column_text][\/vc_column][\/vc_row][vc_row][vc_column][\/vc_column][\/vc_row]<\/p>\n","protected":false},"excerpt":{"rendered":"<p>[vc_row][vc_column][vc_empty_space][vc_column_text] Mediante un pacto firmado por los dos Ministros de Agricultura de Colombia y Per\u00fa, se anunci\u00f3 que desde el pa\u00eds cafetero se podr\u00e1n exportar ciertos productos alimenticios hacia el territorio inca y viceversa. Con ello, se pretende seguir mejorando las relaciones comerciales entre ambas naciones. [\/vc_column_text][\/vc_column][\/vc_row][vc_row][vc_column][dt_call_to_action background=&#8221;fancy&#8221; line=&#8221;true&#8221; style=&#8221;1&#8243; animation=&#8221;bounceInRight&#8221;][dt_gap height=&#8221;3&#8243;\/]\u00a0 \u00a0 [\/dt_call_to_action][\/vc_column][\/vc_row][vc_row][vc_column][vc_column_text] &nbsp; [&hellip;]<\/p>\n","protected":false},"author":1,"featured_media":0,"comment_status":"closed","ping_status":"closed","sticky":false,"template":"","format":"standard","meta":{"_acf_changed":false,"_joinchat":[],"footnotes":""},"categories":[38],"tags":[],"class_list":["post-19946","post","type-post","status-publish","format-standard","hentry","category-new-food-and-beverages","entry","owp-thumbs-layout-horizontal","owp-btn-normal","owp-tabs-layout-horizontal","has-no-thumbnails","has-product-nav"],"acf":[],"_links":{"self":[{"href":"https:\/\/www.cvn.com.co\/en\/wp-json\/wp\/v2\/posts\/19946","targetHints":{"allow":["GET"]}}],"collection":[{"href":"https:\/\/www.cvn.com.co\/en\/wp-json\/wp\/v2\/posts"}],"about":[{"href":"https:\/\/www.cvn.com.co\/en\/wp-json\/wp\/v2\/types\/post"}],"author":[{"embeddable":true,"href":"https:\/\/www.cvn.com.co\/en\/wp-json\/wp\/v2\/users\/1"}],"replies":[{"embeddable":true,"href":"https:\/\/www.cvn.com.co\/en\/wp-json\/wp\/v2\/comments?post=19946"}],"version-history":[{"count":0,"href":"https:\/\/www.cvn.com.co\/en\/wp-json\/wp\/v2\/posts\/19946\/revisions"}],"wp:attachment":[{"href":"https:\/\/www.cvn.com.co\/en\/wp-json\/wp\/v2\/media?parent=19946"}],"wp:term":[{"taxonomy":"category","embeddable":true,"href":"https:\/\/www.cvn.com.co\/en\/wp-json\/wp\/v2\/categories?post=19946"},{"taxonomy":"post_tag","embeddable":true,"href":"https:\/\/www.cvn.com.co\/en\/wp-json\/wp\/v2\/tags?post=19946"}],"curies":[{"name":"wp","href":"https:\/\/api.w.org\/{rel}","templated":true}]}}