{"id":19957,"date":"2016-10-13T14:23:42","date_gmt":"2016-10-13T14:23:42","guid":{"rendered":"https:\/\/www.cvn.com.co\/?p=19957"},"modified":"2016-10-13T14:23:42","modified_gmt":"2016-10-13T14:23:42","slug":"sierra-nevada-de-santa-marta-contara-con-mayor-disponibilidad-energetica","status":"publish","type":"post","link":"https:\/\/www.cvn.com.co\/en\/sierra-nevada-de-santa-marta-contara-con-mayor-disponibilidad-energetica\/","title":{"rendered":"Sierra Nevada de Santa Marta contar\u00e1 con mayor disponibilidad energ\u00e9tica"},"content":{"rendered":"<p>[vc_row][vc_column][vc_empty_space][vc_column_text]<\/p>\n<p style=\"text-align: justify;\">Sierra Nevada de Santa Marta contar\u00e1 con mayor disponibilidad energ\u00e9tica gracias a los trabajos de ampliaci\u00f3n realizados por el IPSE y USAID.<\/p>\n<p>[\/vc_column_text][vc_empty_space][dt_call_to_action background=&#8221;fancy&#8221; line=&#8221;true&#8221; style=&#8221;1&#8243; animation=&#8221;bounceInRight&#8221;]<span style=\"font-size: 12pt; color: #333333;\">[dt_gap height=&#8221;3&#8243;\/]\u00a0<\/span><\/p>\n<p class=\"p1\"><span class=\"s1\" style=\"font-size: 18pt; color: #1aa8b8;\"><\/span><\/p>\n<p><em>\u00a0<\/em> [\/dt_call_to_action][vc_empty_space][\/vc_column][\/vc_row][vc_row][vc_column][vc_column_text]<\/p>\n<p style=\"text-align: justify;\">\n<p style=\"text-align: justify;\">Seg\u00fan lo revelado por el Ministerio de Minas, las 487 familias del corregimiento de El Palmar que en este momento no cuentan con el servicio de energ\u00eda el\u00e9ctrica, tendr\u00e1n un alivio gracias a la entrega de ampliaci\u00f3n de la microcentral el\u00e9ctrica. La obra fue financiada por la Agencia Estadounidense para el Desarrollo Internacional (USAID) y por el Instituto de Planificaci\u00f3n de Soluciones Energ\u00e9ticas (IPSE). El monto fue de $1.600 millones de pesos.<\/p>\n<p style=\"text-align: justify;\">El portal Costa Noticias califica al corregimiento como \u201cejemplo de energ\u00eda sostenible para Colombia\u201d. Ya que la micro central existente \u201ces operada y administrada desde 1989 por la propia comunidad. La generaci\u00f3n de energ\u00eda el\u00e9ctrica se hace mediante el aprovechamiento del agua del R\u00edo Cher\u00faa en una captaci\u00f3n a filo de agua: soluci\u00f3n sostenible de energ\u00eda limpia que no genera gases de efecto invernadero\u201d.<\/p>\n<p style=\"text-align: justify;\">Se pretende que la repotenciaci\u00f3n de la planta garantice una cobertura apropiada para los pr\u00f3ximos 20 a\u00f1os y que impulse el crecimiento de una regi\u00f3n conocida por sus cultivos frut\u00edcolas, dentro de los que destaca el caf\u00e9.<\/p>\n<p style=\"text-align: justify;\">\n<p>[\/vc_column_text][vc_empty_space][vc_column_text]<\/p>\n<p style=\"text-align: justify;\">\n<p style=\"text-align: justify;\"><b>Fuente.<\/b><\/p>\n<p style=\"text-align: justify;\"><a href=\"http:\/\/costanoticias.com\/ipse-y-usaid-entregan-repotenciacion-de-micro-central-hidroelectrica-de-palmor\/\"><span style=\"font-weight: 400;\">IPSE y USAID entregan repotenciaci\u00f3n de Micro Central Hidroel\u00e9ctrica de Palmor<\/span><\/a><span style=\"font-weight: 400;\"> &#8211; Costa Noticias<\/span><\/p>\n<p style=\"text-align: justify;\"><a href=\"http:\/\/www.minminas.gov.co\/historico-de-noticias?idNoticia=23827158\"><span style=\"font-weight: 400;\">Gobierno nacional ampli\u00f3 microcentral hidroel\u00e9ctrica en la Sierra Nevada de Santa Marta<\/span><\/a><span style=\"font-weight: 400;\"> &#8211; Ministerio de Minas y Energ\u00eda<\/span><\/p>\n<p style=\"text-align: justify;\">\n<p>[\/vc_column_text][\/vc_column][\/vc_row]<\/p>\n","protected":false},"excerpt":{"rendered":"<p>[vc_row][vc_column][vc_empty_space][vc_column_text] Sierra Nevada de Santa Marta contar\u00e1 con mayor disponibilidad energ\u00e9tica gracias a los trabajos de ampliaci\u00f3n realizados por el IPSE y USAID. [\/vc_column_text][vc_empty_space][dt_call_to_action background=&#8221;fancy&#8221; line=&#8221;true&#8221; style=&#8221;1&#8243; animation=&#8221;bounceInRight&#8221;][dt_gap height=&#8221;3&#8243;\/]\u00a0 \u00a0 [\/dt_call_to_action][vc_empty_space][\/vc_column][\/vc_row][vc_row][vc_column][vc_column_text] Seg\u00fan lo revelado por el Ministerio de Minas, las 487 familias del corregimiento de El Palmar que en este momento no cuentan con el [&hellip;]<\/p>\n","protected":false},"author":1,"featured_media":0,"comment_status":"closed","ping_status":"closed","sticky":false,"template":"","format":"standard","meta":{"_acf_changed":false,"_joinchat":[],"footnotes":""},"categories":[39],"tags":[],"class_list":["post-19957","post","type-post","status-publish","format-standard","hentry","category-new-technology","entry","owp-thumbs-layout-horizontal","owp-btn-normal","owp-tabs-layout-horizontal","has-no-thumbnails","has-product-nav"],"acf":[],"_links":{"self":[{"href":"https:\/\/www.cvn.com.co\/en\/wp-json\/wp\/v2\/posts\/19957","targetHints":{"allow":["GET"]}}],"collection":[{"href":"https:\/\/www.cvn.com.co\/en\/wp-json\/wp\/v2\/posts"}],"about":[{"href":"https:\/\/www.cvn.com.co\/en\/wp-json\/wp\/v2\/types\/post"}],"author":[{"embeddable":true,"href":"https:\/\/www.cvn.com.co\/en\/wp-json\/wp\/v2\/users\/1"}],"replies":[{"embeddable":true,"href":"https:\/\/www.cvn.com.co\/en\/wp-json\/wp\/v2\/comments?post=19957"}],"version-history":[{"count":0,"href":"https:\/\/www.cvn.com.co\/en\/wp-json\/wp\/v2\/posts\/19957\/revisions"}],"wp:attachment":[{"href":"https:\/\/www.cvn.com.co\/en\/wp-json\/wp\/v2\/media?parent=19957"}],"wp:term":[{"taxonomy":"category","embeddable":true,"href":"https:\/\/www.cvn.com.co\/en\/wp-json\/wp\/v2\/categories?post=19957"},{"taxonomy":"post_tag","embeddable":true,"href":"https:\/\/www.cvn.com.co\/en\/wp-json\/wp\/v2\/tags?post=19957"}],"curies":[{"name":"wp","href":"https:\/\/api.w.org\/{rel}","templated":true}]}}