{"id":19962,"date":"2016-10-14T21:01:23","date_gmt":"2016-10-14T21:01:23","guid":{"rendered":"https:\/\/www.cvn.com.co\/?p=19962"},"modified":"2016-10-14T21:01:23","modified_gmt":"2016-10-14T21:01:23","slug":"alianza-del-pacifico-crea-acuerdo-para-impulsar-el-sector-de-construccion-en-la-region","status":"publish","type":"post","link":"https:\/\/www.cvn.com.co\/en\/alianza-del-pacifico-crea-acuerdo-para-impulsar-el-sector-de-construccion-en-la-region\/","title":{"rendered":"Alianza del Pac\u00edfico crea acuerdo para impulsar el sector de construcci\u00f3n en la regi\u00f3n"},"content":{"rendered":"<p>[vc_row][vc_column][vc_empty_space][vc_column_text]<\/p>\n<p style=\"text-align: justify;\">Los cuatro pa\u00edses miembros de la Alianza del Pac\u00edfico decidieron crear el Fondo Regional de Infraestructura donde por medio de \u00e9l, se pretende darle un impulso al crecimiento del sector de construcci\u00f3n en cada naci\u00f3n, para que haya una evoluci\u00f3n econ\u00f3mica en la regi\u00f3n.<\/p>\n<p>[\/vc_column_text][\/vc_column][\/vc_row][vc_row][vc_column][dt_call_to_action background=&#8221;fancy&#8221; line=&#8221;true&#8221; style=&#8221;1&#8243; animation=&#8221;bounceInRight&#8221;]<span style=\"font-size: 12pt; color: #333333;\">[dt_gap height=&#8221;3&#8243;\/]\u00a0<\/span><\/p>\n<p class=\"p1\"><span class=\"s1\" style=\"font-size: 18pt; color: #1aa8b8;\"><\/span><\/p>\n<p><em>\u00a0<\/em> [\/dt_call_to_action][\/vc_column][\/vc_row][vc_row][vc_column][vc_column_text]<\/p>\n<p>&nbsp;<\/p>\n<p style=\"text-align: justify;\">En el marco de la Exposici\u00f3n Internacional del Sector de la Construcci\u00f3n No 21, EXCON 2016, los pa\u00edses miembros de la Alianza del Pac\u00edfico (Colombia, Chile, Per\u00fa y M\u00e9xico) decidieron establecer un acuerdo donde se logre impulsar el crecimiento del sector de construcci\u00f3n en toda la regi\u00f3n.<\/p>\n<p style=\"text-align: justify;\">Seg\u00fan lo dio a conocer Press Per\u00fa, el documento fue firmado por Francisco Osores, Presidente de C\u00e1mara Peruana de la Construcci\u00f3n (CAPECO); Sergio Torretti, Presidente de C\u00e1mara Chilena de la Construcci\u00f3n (CCHC); Gustavo Arballo, Presidente de la C\u00e1mara Mexicana de la Industria de la Construcci\u00f3n (CMIC); Eduardo Loaiza, Gerente General de la C\u00e1mara Colombiana de la Construcci\u00f3n (CAMACOL) y en el cual se comprometen con una serie de puntos para generar crecimiento en el sector.<\/p>\n<p style=\"text-align: justify;\">Dentro de los puntos a tratar esta la creaci\u00f3n de un Fondo Regional de Infraestructura donde se pueda financiar, en la medida de lo posible, el crecimiento de peque\u00f1as y medianas empresas de construcci\u00f3n en la regi\u00f3n.<\/p>\n<p style=\"text-align: justify;\">Tambi\u00e9n est\u00e1 el manejar un modelo de planeamiento de mediano y largo plazo, el cual busque reforzar la competitividad de cada pa\u00eds y asimismo, se buscar\u00e1 institucionalizar un Consejo de Infraestructura que funcione como un intermediario entre el sector p\u00fablico y privado, as\u00ed como fortalecer a las empresas del gremio en cada uno de los pa\u00edses; as\u00ed lo explic\u00f3 el diario Per\u00fa 21.<\/p>\n<p style=\"text-align: justify;\">Se espera que este acuerdo sirva para generar un crecimiento en el sector de construcci\u00f3n y que sea a su vez un impulsor de otros sectores en los pa\u00edses miembros de la Alianza del Pac\u00edfico.<\/p>\n<p>&nbsp;<\/p>\n<p>[\/vc_column_text][vc_column_text]<\/p>\n<p style=\"text-align: justify;\">\n<p style=\"text-align: justify;\">Fuente<\/p>\n<p style=\"text-align: justify;\"><a href=\"http:\/\/pressperu.com\/paises-miembros-de-la-alianza-del-pacifico-crean-fondo-regional-de-infraestructura\/\">Pa\u00edses miembros de la Alianza del Pac\u00edfico crean Fondo Regional de Infraestructura<\/a> \u2013 Press Per\u00fa<\/p>\n<p style=\"text-align: justify;\"><a href=\"http:\/\/peru21.pe\/economia\/alianza-pacifico-firma-acuerdo-impulsar-sector-construccion-2259661\">Alianza del Pac\u00edfico firma acuerdo para impulsar el sector de construcci\u00f3n<\/a> \u2013 Per\u00fa 21<\/p>\n<p>&nbsp;<\/p>\n<p>[\/vc_column_text][\/vc_column][\/vc_row][vc_row][vc_column][\/vc_column][\/vc_row]<\/p>\n","protected":false},"excerpt":{"rendered":"<p>[vc_row][vc_column][vc_empty_space][vc_column_text] Los cuatro pa\u00edses miembros de la Alianza del Pac\u00edfico decidieron crear el Fondo Regional de Infraestructura donde por medio de \u00e9l, se pretende darle un impulso al crecimiento del sector de construcci\u00f3n en cada naci\u00f3n, para que haya una evoluci\u00f3n econ\u00f3mica en la regi\u00f3n. [\/vc_column_text][\/vc_column][\/vc_row][vc_row][vc_column][dt_call_to_action background=&#8221;fancy&#8221; line=&#8221;true&#8221; style=&#8221;1&#8243; animation=&#8221;bounceInRight&#8221;][dt_gap height=&#8221;3&#8243;\/]\u00a0 \u00a0 [\/dt_call_to_action][\/vc_column][\/vc_row][vc_row][vc_column][vc_column_text] &nbsp; En [&hellip;]<\/p>\n","protected":false},"author":1,"featured_media":0,"comment_status":"closed","ping_status":"closed","sticky":false,"template":"","format":"standard","meta":{"_acf_changed":false,"_joinchat":[],"footnotes":""},"categories":[36],"tags":[],"class_list":["post-19962","post","type-post","status-publish","format-standard","hentry","category-new-trade","entry","owp-thumbs-layout-horizontal","owp-btn-normal","owp-tabs-layout-horizontal","has-no-thumbnails","has-product-nav"],"acf":[],"_links":{"self":[{"href":"https:\/\/www.cvn.com.co\/en\/wp-json\/wp\/v2\/posts\/19962","targetHints":{"allow":["GET"]}}],"collection":[{"href":"https:\/\/www.cvn.com.co\/en\/wp-json\/wp\/v2\/posts"}],"about":[{"href":"https:\/\/www.cvn.com.co\/en\/wp-json\/wp\/v2\/types\/post"}],"author":[{"embeddable":true,"href":"https:\/\/www.cvn.com.co\/en\/wp-json\/wp\/v2\/users\/1"}],"replies":[{"embeddable":true,"href":"https:\/\/www.cvn.com.co\/en\/wp-json\/wp\/v2\/comments?post=19962"}],"version-history":[{"count":0,"href":"https:\/\/www.cvn.com.co\/en\/wp-json\/wp\/v2\/posts\/19962\/revisions"}],"wp:attachment":[{"href":"https:\/\/www.cvn.com.co\/en\/wp-json\/wp\/v2\/media?parent=19962"}],"wp:term":[{"taxonomy":"category","embeddable":true,"href":"https:\/\/www.cvn.com.co\/en\/wp-json\/wp\/v2\/categories?post=19962"},{"taxonomy":"post_tag","embeddable":true,"href":"https:\/\/www.cvn.com.co\/en\/wp-json\/wp\/v2\/tags?post=19962"}],"curies":[{"name":"wp","href":"https:\/\/api.w.org\/{rel}","templated":true}]}}