{"id":19968,"date":"2016-10-18T08:42:12","date_gmt":"2016-10-18T08:42:12","guid":{"rendered":"https:\/\/www.cvn.com.co\/?p=19968"},"modified":"2016-10-18T08:42:12","modified_gmt":"2016-10-18T08:42:12","slug":"panasonic-entra-al-mercado-de-componentes-de-energia-solar","status":"publish","type":"post","link":"https:\/\/www.cvn.com.co\/en\/panasonic-entra-al-mercado-de-componentes-de-energia-solar\/","title":{"rendered":"Panasonic entra al mercado de componentes de energ\u00eda solar"},"content":{"rendered":"<p>[vc_row][vc_column][vc_empty_space][vc_column_text]<\/p>\n<p style=\"text-align: justify;\">Panasonic entra al mercado de componentes de energ\u00eda solar de la mano de Solarcity, filial de Tesla. El principal objetivo es acelerar la producci\u00f3n de bater\u00edas solares para los veh\u00edculos el\u00e9ctricos.<\/p>\n<p>[\/vc_column_text][vc_empty_space][dt_call_to_action background=&#8221;fancy&#8221; line=&#8221;true&#8221; style=&#8221;1&#8243; animation=&#8221;bounceInRight&#8221;]<span style=\"font-size: 12pt; color: #333333;\">[dt_gap height=&#8221;3&#8243;\/]\u00a0<\/span><\/p>\n<p class=\"p1\"><span class=\"s1\" style=\"font-size: 18pt; color: #1aa8b8;\"><\/span><\/p>\n<p><em>\u00a0<\/em> [\/dt_call_to_action][vc_empty_space][\/vc_column][\/vc_row][vc_row][vc_column][vc_column_text]<\/p>\n<p style=\"text-align: justify;\">\n<p style=\"text-align: justify;\">Seg\u00fan el portal Swiss Info, \u201cLos dos grupos ya tienen de forma conjunta la mayor f\u00e1brica del mundo de bater\u00edas de i\u00f3n de litio en Nevada, pero esperan ampliar su colaboraci\u00f3n. Este acuerdo est\u00e1 condicionado a la aprobaci\u00f3n por parte de los accionistas de Tesla de la compra de la empresa californiana SolarCity\u201d.<\/p>\n<p style=\"text-align: justify;\">A\u00f1aden que el portavoz de Panasonic revel\u00f3 en qu\u00e9 f\u00e1brica se llevar\u00e1 a cabo la producci\u00f3n de las bater\u00edas. \u201cHemos acordado iniciar negociaciones para colaborar en una f\u00e1brica de Buffalo, en Nueva York, dirigida por una filial de Tesla\u201d.<\/p>\n<p style=\"text-align: justify;\">Dicha f\u00e1brica, seg\u00fan el WSJ,est\u00e1 financiada en parte con impuestos de la ciudad de Nueva York, por lo que la noticia ha sido de gran inter\u00e9s para el p\u00fablico general. El Gobernador -Andrew Cuomo- considera positiva la alianza y declar\u00f3: \u201cLa alianza entre Tesla y Panasonic traer\u00e1 experticia de clase mundial al sector manufacturero de la ciudad, fortaleciendo la posici\u00f3n y la competitividad de la regi\u00f3n\u201d.<\/p>\n<p style=\"text-align: justify;\">El art\u00edculo de Wall Street Journal informa que aunque SolarCity es el mayor instalador de paneles solares para hogares en Estados Unidos, no fabrica los paneles. La compa\u00f1\u00eda se mueve a la manufactura en un momento en que otros fabricantes luchan contra excesos de oferta.<\/p>\n<p style=\"text-align: justify;\">\n<p>[\/vc_column_text][vc_empty_space][vc_column_text]<\/p>\n<p style=\"text-align: justify;\">\n<p style=\"text-align: justify;\"><b>Fuente:<\/b><\/p>\n<p style=\"text-align: justify;\"><a href=\"http:\/\/www.swissinfo.ch\/spa\/panasonic-y-tesla-se-asocian-para-fabricar-productos-de-energ%C3%ADa-solar\/42522554\"><span style=\"font-weight: 400;\">Panasonic y Tesla se asocian para fabricar productos de energ\u00eda solar<\/span><\/a><span style=\"font-weight: 400;\"> &#8211; Swiss Info<\/span><\/p>\n<p style=\"text-align: justify;\"><a href=\"http:\/\/www.wsj.com\/articles\/tesla-to-partner-with-panasonic-to-make-solar-panels-at-buffalo-factory-1476709363\"><span style=\"font-weight: 400;\">Tesla to Partner with Panasonic to Make Solar Panels at Buffalo Factory<\/span><\/a><span style=\"font-weight: 400;\"> &#8211; Wall Street Journal. Traducci\u00f3n propia.<\/span><\/p>\n<p style=\"text-align: justify;\">\n<p>[\/vc_column_text][\/vc_column][\/vc_row]<\/p>\n","protected":false},"excerpt":{"rendered":"<p>[vc_row][vc_column][vc_empty_space][vc_column_text] Panasonic entra al mercado de componentes de energ\u00eda solar de la mano de Solarcity, filial de Tesla. El principal objetivo es acelerar la producci\u00f3n de bater\u00edas solares para los veh\u00edculos el\u00e9ctricos. [\/vc_column_text][vc_empty_space][dt_call_to_action background=&#8221;fancy&#8221; line=&#8221;true&#8221; style=&#8221;1&#8243; animation=&#8221;bounceInRight&#8221;][dt_gap height=&#8221;3&#8243;\/]\u00a0 \u00a0 [\/dt_call_to_action][vc_empty_space][\/vc_column][\/vc_row][vc_row][vc_column][vc_column_text] Seg\u00fan el portal Swiss Info, \u201cLos dos grupos ya tienen de forma conjunta la mayor [&hellip;]<\/p>\n","protected":false},"author":1,"featured_media":0,"comment_status":"closed","ping_status":"closed","sticky":false,"template":"","format":"standard","meta":{"_acf_changed":false,"_joinchat":[],"footnotes":""},"categories":[39],"tags":[],"class_list":["post-19968","post","type-post","status-publish","format-standard","hentry","category-new-technology","entry","owp-thumbs-layout-horizontal","owp-btn-normal","owp-tabs-layout-horizontal","has-no-thumbnails","has-product-nav"],"acf":[],"_links":{"self":[{"href":"https:\/\/www.cvn.com.co\/en\/wp-json\/wp\/v2\/posts\/19968","targetHints":{"allow":["GET"]}}],"collection":[{"href":"https:\/\/www.cvn.com.co\/en\/wp-json\/wp\/v2\/posts"}],"about":[{"href":"https:\/\/www.cvn.com.co\/en\/wp-json\/wp\/v2\/types\/post"}],"author":[{"embeddable":true,"href":"https:\/\/www.cvn.com.co\/en\/wp-json\/wp\/v2\/users\/1"}],"replies":[{"embeddable":true,"href":"https:\/\/www.cvn.com.co\/en\/wp-json\/wp\/v2\/comments?post=19968"}],"version-history":[{"count":0,"href":"https:\/\/www.cvn.com.co\/en\/wp-json\/wp\/v2\/posts\/19968\/revisions"}],"wp:attachment":[{"href":"https:\/\/www.cvn.com.co\/en\/wp-json\/wp\/v2\/media?parent=19968"}],"wp:term":[{"taxonomy":"category","embeddable":true,"href":"https:\/\/www.cvn.com.co\/en\/wp-json\/wp\/v2\/categories?post=19968"},{"taxonomy":"post_tag","embeddable":true,"href":"https:\/\/www.cvn.com.co\/en\/wp-json\/wp\/v2\/tags?post=19968"}],"curies":[{"name":"wp","href":"https:\/\/api.w.org\/{rel}","templated":true}]}}