{"id":19988,"date":"2016-10-17T13:19:29","date_gmt":"2016-10-17T13:19:29","guid":{"rendered":"https:\/\/www.cvn.com.co\/?p=19988"},"modified":"2016-10-17T13:19:29","modified_gmt":"2016-10-17T13:19:29","slug":"este-domingo-se-celebro-el-dia-mundial-de-la-alimentacion","status":"publish","type":"post","link":"https:\/\/www.cvn.com.co\/en\/este-domingo-se-celebro-el-dia-mundial-de-la-alimentacion\/","title":{"rendered":"Este domingo se celebr\u00f3 el D\u00eda Mundial de la Alimentaci\u00f3n"},"content":{"rendered":"<p>[vc_row][vc_column][vc_empty_space][vc_column_text]<\/p>\n<p class=\"INTRO\" style=\"text-align: justify;\">Cada a\u00f1o, el 16 de octubre se lleva a cabo la celebraci\u00f3n del D\u00eda Mundial de la Alimentaci\u00f3n, el d\u00eda fue establecido por la Organizaci\u00f3n de las Naciones Unidas para la Alimentaci\u00f3n y la Agricultura (FAO) desde el a\u00f1o 1979.<\/p>\n<p>[\/vc_column_text][\/vc_column][\/vc_row][vc_row][vc_column][dt_call_to_action background=&#8221;fancy&#8221; line=&#8221;true&#8221; style=&#8221;1&#8243; animation=&#8221;bounceInRight&#8221;]<span style=\"font-size: 12pt; color: #333333;\">[dt_gap height=&#8221;3&#8243;\/]\u00a0<\/span><\/p>\n<p class=\"p1\"><span class=\"s1\" style=\"font-size: 18pt; color: #1aa8b8;\"><\/span><\/p>\n<p><em>\u00a0<\/em> [\/dt_call_to_action][\/vc_column][\/vc_row][vc_row][vc_column][vc_column_text]<\/p>\n<p>&nbsp;<\/p>\n<p style=\"text-align: justify;\">El D\u00eda Mundial de la Alimentaci\u00f3n, es una celebraci\u00f3n que se lleva a cabo tradicionalmente cada a\u00f1o, m\u00e1s espec\u00edficamente el 16 de octubre. Esta fecha fue escogida por la Organizaci\u00f3n de las Naciones Unidas para la Alimentaci\u00f3n y la Agricultura (FAO) en 1979 en reconocimiento por la creaci\u00f3n del organismo en el a\u00f1o 1945.<\/p>\n<p style=\"text-align: justify;\">Para este 2016, la problem\u00e1tica a abordar en el D\u00eda Mundial de la Alimentaci\u00f3n fue la importancia del cambio clim\u00e1tico sobre la seguridad alimentaria. Seg\u00fan datos de la FAO, los m\u00e1s afectados con el problema de las altas temperaturas y los desastres naturales son los agricultores, las personas m\u00e1s carentes de recursos, los pescadores y los pastores, es decir, los vinculados de una manera m\u00e1s directa con la industria agr\u00edcola.<\/p>\n<p style=\"text-align: justify;\">Por su parte, seg\u00fan informaci\u00f3n del Departamento Nacional de Planeaci\u00f3n (DNP) que fue publicada por Caracol Radio, cada a\u00f1o se produce mundialmente el doble de los alimentos que hacen falta para los m\u00e1s de 7.300 millones de personas que habitan la tierra pero, 793 millones de personas sin embargo pasan hambre. A su vez, el Agro en Colombia produce m\u00e1s de 24 millones de toneladas siendo aun as\u00ed, una cifra insuficiente para cubrir las necesidades b\u00e1sicas en toda la poblaci\u00f3n. Por otro lado, por cada tres toneladas de comida disponible, una termina en la basura.<\/p>\n<p style=\"text-align: justify;\">Para esta ocasi\u00f3n, el Ministro de Agricultura y Desarrollo Rural, Aurelio Iragorri hizo un llamado a los colombianos no solo a evitar desperdiciar la comida, sino a preferir y elegir en sus compras alimentos cultivados y producidos en el campo colombiano. Igualmente, el jefe de la cartera agropecuaria invit\u00f3 a todos los actores de la sociedad a hacer parte de la gran campa\u00f1a #MICampoSabeMejor, que busca que se apoye el trabajo de miles de campesinos comprando lo que ellos producen y con ello generar precios justos.<\/p>\n<p style=\"text-align: justify;\">Por \u00faltimo, la FAO hizo especial \u00e9nfasis a los pa\u00edses para que abordaran la alimentaci\u00f3n y la agricultura en sus planes de acci\u00f3n clim\u00e1tica y para que inviertan m\u00e1s en el desarrollo rural.<\/p>\n<p>&nbsp;<\/p>\n<p>[\/vc_column_text][vc_column_text]<\/p>\n<p style=\"text-align: justify;\">\n<p style=\"text-align: justify;\">Fuente<\/p>\n<p style=\"text-align: justify;\"><a href=\"http:\/\/hsbnoticias.com\/noticias\/internacional\/el-clima-esta-cambiando-la-alimentacion-y-agricultura-tambie-244691\">&#8220;El clima est\u00e1 cambiando, la alimentaci\u00f3n y agricultura tambi\u00e9n&#8221;, D\u00eda de la Alimentaci\u00f3n<\/a> \u2013 HSB Noticias<\/p>\n<p style=\"text-align: justify;\"><a href=\"http:\/\/caracol.com.co\/radio\/2016\/10\/16\/nacional\/1476645055_688751.html\">En Colombia el 13.2% de los ni\u00f1os menores de cinco a\u00f1os tienen desnutrici\u00f3n cr\u00f3nica<\/a> \u2013 Caracol Radio<\/p>\n<p style=\"text-align: justify;\"><a href=\"https:\/\/www.minagricultura.gov.co\/noticias\/Paginas\/mensaje-del-minagricultura-en-el-dia_mundial_de_la_alimentaci%C3%B3n.aspx\">La seguridad alimentaria es una apuesta fundamental en Colombia Siembra<\/a> \u2013 Ministerio de Agricultura y Desarrollo Rural<\/p>\n<p>&nbsp;<\/p>\n<p>[\/vc_column_text][\/vc_column][\/vc_row][vc_row][vc_column][\/vc_column][\/vc_row]<\/p>\n","protected":false},"excerpt":{"rendered":"<p>[vc_row][vc_column][vc_empty_space][vc_column_text] Cada a\u00f1o, el 16 de octubre se lleva a cabo la celebraci\u00f3n del D\u00eda Mundial de la Alimentaci\u00f3n, el d\u00eda fue establecido por la Organizaci\u00f3n de las Naciones Unidas para la Alimentaci\u00f3n y la Agricultura (FAO) desde el a\u00f1o 1979. [\/vc_column_text][\/vc_column][\/vc_row][vc_row][vc_column][dt_call_to_action background=&#8221;fancy&#8221; line=&#8221;true&#8221; style=&#8221;1&#8243; animation=&#8221;bounceInRight&#8221;][dt_gap height=&#8221;3&#8243;\/]\u00a0 \u00a0 [\/dt_call_to_action][\/vc_column][\/vc_row][vc_row][vc_column][vc_column_text] &nbsp; El D\u00eda Mundial de la [&hellip;]<\/p>\n","protected":false},"author":1,"featured_media":0,"comment_status":"closed","ping_status":"closed","sticky":false,"template":"","format":"standard","meta":{"_acf_changed":false,"_joinchat":[],"footnotes":""},"categories":[38],"tags":[],"class_list":["post-19988","post","type-post","status-publish","format-standard","hentry","category-new-food-and-beverages","entry","owp-thumbs-layout-horizontal","owp-btn-normal","owp-tabs-layout-horizontal","has-no-thumbnails","has-product-nav"],"acf":[],"_links":{"self":[{"href":"https:\/\/www.cvn.com.co\/en\/wp-json\/wp\/v2\/posts\/19988","targetHints":{"allow":["GET"]}}],"collection":[{"href":"https:\/\/www.cvn.com.co\/en\/wp-json\/wp\/v2\/posts"}],"about":[{"href":"https:\/\/www.cvn.com.co\/en\/wp-json\/wp\/v2\/types\/post"}],"author":[{"embeddable":true,"href":"https:\/\/www.cvn.com.co\/en\/wp-json\/wp\/v2\/users\/1"}],"replies":[{"embeddable":true,"href":"https:\/\/www.cvn.com.co\/en\/wp-json\/wp\/v2\/comments?post=19988"}],"version-history":[{"count":0,"href":"https:\/\/www.cvn.com.co\/en\/wp-json\/wp\/v2\/posts\/19988\/revisions"}],"wp:attachment":[{"href":"https:\/\/www.cvn.com.co\/en\/wp-json\/wp\/v2\/media?parent=19988"}],"wp:term":[{"taxonomy":"category","embeddable":true,"href":"https:\/\/www.cvn.com.co\/en\/wp-json\/wp\/v2\/categories?post=19988"},{"taxonomy":"post_tag","embeddable":true,"href":"https:\/\/www.cvn.com.co\/en\/wp-json\/wp\/v2\/tags?post=19988"}],"curies":[{"name":"wp","href":"https:\/\/api.w.org\/{rel}","templated":true}]}}