{"id":20059,"date":"2016-10-25T16:35:12","date_gmt":"2016-10-25T16:35:12","guid":{"rendered":"https:\/\/www.cvn.com.co\/?p=20059"},"modified":"2016-10-25T16:35:12","modified_gmt":"2016-10-25T16:35:12","slug":"techos-de-plastico-reciclado-seran-instalados-en-estaciones-de-transcaribe","status":"publish","type":"post","link":"https:\/\/www.cvn.com.co\/en\/techos-de-plastico-reciclado-seran-instalados-en-estaciones-de-transcaribe\/","title":{"rendered":"Techos de pl\u00e1stico reciclado ser\u00e1n instalados en estaciones de Transcaribe"},"content":{"rendered":"<p>[vc_row][vc_column][vc_empty_space][vc_column_text]<\/p>\n<p class=\"INTRO\" style=\"text-align: justify;\">Tras un convenio firmado entre la compa\u00f1\u00eda Transcaribe y la empresa Esenttia (antigua Propilco), se colocar\u00e1n en las estaciones de este sistema de transporte en Cartagena, Colombia techos elaborados con pl\u00e1stico reciclado que proteger\u00e1n a los usuarios del sol y las lluvias.<\/p>\n<p>[\/vc_column_text][\/vc_column][\/vc_row][vc_row][vc_column][dt_call_to_action background=&#8221;fancy&#8221; line=&#8221;true&#8221; style=&#8221;1&#8243; animation=&#8221;bounceInRight&#8221;]<span style=\"font-size: 12pt; color: #333333;\">[dt_gap height=&#8221;3&#8243;\/]\u00a0<\/span><\/p>\n<p class=\"p1\"><span class=\"s1\" style=\"font-size: 18pt; color: #1aa8b8;\"><\/span><\/p>\n<p><em>\u00a0<\/em> [\/dt_call_to_action][\/vc_column][\/vc_row][vc_row][vc_column][vc_column_text]<\/p>\n<p>&nbsp;<\/p>\n<p style=\"text-align: justify;\">Despu\u00e9s de m\u00faltiples reuniones entre el Alcalde de Cartagena, Manuel Vicente Duque, el Gerente General de Transcaribe, Humberto Ripoll y los directivos de Esenttia, se logr\u00f3 establecer un convenio para colocar en las estaciones del sistema de transporte p\u00fablico Transcaribe en Cartagena, techos realizados a partir de pl\u00e1stico reciclado.<\/p>\n<p style=\"text-align: justify;\">En total ser\u00e1n 17 estaciones ubicadas en la ciudad amurallada que contar\u00e1n con este beneficio. Con ello, se pretende resguardar a los usuarios y protegerlos del fuerte sol y las lluvias que a prop\u00f3sito se est\u00e1n presentando por estos d\u00edas en Cartagena.<\/p>\n<p style=\"text-align: justify;\">Seg\u00fan lo dio a conocer RCN La Radio, la instalaci\u00f3n de estas estructuras se realizar\u00e1 en los pr\u00f3ximos tres meses, ser\u00e1n 24 p\u00e9rgolas en total, pues en algunas estaciones estas van doble.<\/p>\n<p style=\"text-align: justify;\">El representante de la empresa del complejo industrial de Mamonal, Carlos Crismatt destac\u00f3 la firma de este convenio, resaltando que con esto, se env\u00eda un mensaje a los cartageneros para que hagan buena disposici\u00f3n de los residuos pl\u00e1sticos y as\u00ed eviten contaminar los cuerpos de agua, como lagos, playas y ca\u00f1os.<\/p>\n<p style=\"text-align: justify;\">Igualmente, Humberto Ripoll manifest\u00f3 que el convenio suscrito se realiz\u00f3 pensando en la comodidad del usuario, debido a los inconvenientes que la ausencia de estas estructuras est\u00e1 ocasionando a los ciudadanos cuando esperan su abordaje a los buses del sistema.<\/p>\n<p style=\"text-align: justify;\">Por \u00faltimo, la ejecuci\u00f3n del proyecto tendr\u00e1 una duraci\u00f3n de 12 meses.<\/p>\n<p>&nbsp;<\/p>\n<p>[\/vc_column_text][vc_column_text]<\/p>\n<p style=\"text-align: justify;\">\n<p style=\"text-align: justify;\">Fuente<\/p>\n<p style=\"text-align: justify;\"><a href=\"http:\/\/www.rcnradio.com\/locales\/instalaran-techos-de-plastico-en-las-17-estaciones-de-transcaribe\/\">Instalar\u00e1n techos de pl\u00e1stico en las 17 estaciones de Transcaribe<\/a> \u2013 RCN La Radio<\/p>\n<p style=\"text-align: justify;\"><a href=\"http:\/\/www.eluniversal.com.co\/cartagena\/estaciones-de-transcaribe-tendran-techos-en-plastico-reciclado-237996\">Estaciones de Transcaribe tendr\u00e1n techos en pl\u00e1stico reciclado<\/a> \u2013 El Universal, Cartagena<\/p>\n<p>&nbsp;<\/p>\n<p>[\/vc_column_text][\/vc_column][\/vc_row][vc_row][vc_column][\/vc_column][\/vc_row]<\/p>\n","protected":false},"excerpt":{"rendered":"<p>[vc_row][vc_column][vc_empty_space][vc_column_text] Tras un convenio firmado entre la compa\u00f1\u00eda Transcaribe y la empresa Esenttia (antigua Propilco), se colocar\u00e1n en las estaciones de este sistema de transporte en Cartagena, Colombia techos elaborados con pl\u00e1stico reciclado que proteger\u00e1n a los usuarios del sol y las lluvias. [\/vc_column_text][\/vc_column][\/vc_row][vc_row][vc_column][dt_call_to_action background=&#8221;fancy&#8221; line=&#8221;true&#8221; style=&#8221;1&#8243; animation=&#8221;bounceInRight&#8221;][dt_gap height=&#8221;3&#8243;\/]\u00a0 \u00a0 [\/dt_call_to_action][\/vc_column][\/vc_row][vc_row][vc_column][vc_column_text] &nbsp; Despu\u00e9s de m\u00faltiples [&hellip;]<\/p>\n","protected":false},"author":1,"featured_media":0,"comment_status":"closed","ping_status":"closed","sticky":false,"template":"","format":"standard","meta":{"_acf_changed":false,"_joinchat":[],"footnotes":""},"categories":[34],"tags":[],"class_list":["post-20059","post","type-post","status-publish","format-standard","hentry","category-new-chemical","entry","owp-thumbs-layout-horizontal","owp-btn-normal","owp-tabs-layout-horizontal","has-no-thumbnails","has-product-nav"],"acf":[],"_links":{"self":[{"href":"https:\/\/www.cvn.com.co\/en\/wp-json\/wp\/v2\/posts\/20059","targetHints":{"allow":["GET"]}}],"collection":[{"href":"https:\/\/www.cvn.com.co\/en\/wp-json\/wp\/v2\/posts"}],"about":[{"href":"https:\/\/www.cvn.com.co\/en\/wp-json\/wp\/v2\/types\/post"}],"author":[{"embeddable":true,"href":"https:\/\/www.cvn.com.co\/en\/wp-json\/wp\/v2\/users\/1"}],"replies":[{"embeddable":true,"href":"https:\/\/www.cvn.com.co\/en\/wp-json\/wp\/v2\/comments?post=20059"}],"version-history":[{"count":0,"href":"https:\/\/www.cvn.com.co\/en\/wp-json\/wp\/v2\/posts\/20059\/revisions"}],"wp:attachment":[{"href":"https:\/\/www.cvn.com.co\/en\/wp-json\/wp\/v2\/media?parent=20059"}],"wp:term":[{"taxonomy":"category","embeddable":true,"href":"https:\/\/www.cvn.com.co\/en\/wp-json\/wp\/v2\/categories?post=20059"},{"taxonomy":"post_tag","embeddable":true,"href":"https:\/\/www.cvn.com.co\/en\/wp-json\/wp\/v2\/tags?post=20059"}],"curies":[{"name":"wp","href":"https:\/\/api.w.org\/{rel}","templated":true}]}}