{"id":20148,"date":"2016-11-02T21:32:30","date_gmt":"2016-11-02T21:32:30","guid":{"rendered":"https:\/\/www.cvn.com.co\/?p=20148"},"modified":"2016-11-02T21:32:30","modified_gmt":"2016-11-02T21:32:30","slug":"se-reducen-aranceles-a-las-importaciones-colombianas-desde-el-salvador","status":"publish","type":"post","link":"https:\/\/www.cvn.com.co\/en\/se-reducen-aranceles-a-las-importaciones-colombianas-desde-el-salvador\/","title":{"rendered":"Se reducen aranceles a las importaciones colombianas desde El Salvador"},"content":{"rendered":"<p>[vc_row][vc_column][vc_empty_space][vc_column_text]<\/p>\n<p class=\"INTRO\" style=\"text-align: justify;\">Despu\u00e9s de seis a\u00f1os de haberse firmado el Tratado de Libre Comercio entre Colombia y El Salvador, el pa\u00eds cafetero sigui\u00f3 con el protocolo de desgravaci\u00f3n de algunos productos y se implement\u00f3 la reducci\u00f3n de aranceles a las frutas, maquillaje y productos de aseo provenientes de la naci\u00f3n centroamericana.<\/p>\n<p>[\/vc_column_text][\/vc_column][\/vc_row][vc_row][vc_column][dt_call_to_action background=&#8221;fancy&#8221; line=&#8221;true&#8221; style=&#8221;1&#8243; animation=&#8221;bounceInRight&#8221;]<span style=\"font-size: 12pt; color: #333333;\">[dt_gap height=&#8221;3&#8243;\/]\u00a0<\/span><\/p>\n<p class=\"p1\"><span class=\"s1\" style=\"font-size: 18pt; color: #1aa8b8;\"><\/span><\/p>\n<p><em>\u00a0<\/em> [\/dt_call_to_action][\/vc_column][\/vc_row][vc_row][vc_column][vc_column_text]<\/p>\n<p>&nbsp;<\/p>\n<p style=\"text-align: justify;\">El Ministerio de Comercio, Industria y Turismo dio a conocer que expedir\u00e1 un decreto donde se establecer\u00e1 una reducci\u00f3n a los aranceles de importaci\u00f3n para los productos de maquillaje, las frutas y algunos elementos de aseo provenientes de El Salvador, pa\u00eds con el que tiene un acuerdo comercial hace m\u00e1s de seis a\u00f1os.<\/p>\n<p style=\"text-align: justify;\">Desde el primero de febrero del 2010, Colombia estableci\u00f3 un Tratado de Libre Comercio (TLC) con El Salvador, \u00a0uno de los pa\u00edses del Tri\u00e1ngulo del Norte conformado por esta naci\u00f3n y Honduras y Guatemala, este acuerdo fue creado con el fin de fortalecer la integraci\u00f3n econ\u00f3mica regional para el avance del desarrollo socioecon\u00f3mico de los pa\u00edses latinoamericanos y el primero en entrar en vigencia fue con Guatemala el 12 de noviembre del 2009.<\/p>\n<p style=\"text-align: justify;\">En los acuerdos que se llevaron a cabo para la firma del TLC con El Salvador, se establecieron una serie de compromisos de desgravaci\u00f3n para los a\u00f1os posteriores a la vigencia del tratado, para ello, el Gobierno Nacional decret\u00f3 que a partir de este a\u00f1o, las pulpas de frutas, como la papaya, el mango, el jugo de tomate, as\u00ed como algunas hortalizas, perder\u00e1n gradualmente los costos de ingresos al pa\u00eds.<\/p>\n<p style=\"text-align: justify;\">Seg\u00fan lo explica el diario econ\u00f3mico La Rep\u00fablica, estos productos pasar\u00e1n de tener un arancel de 11,3% en 2016, que por cuatro a\u00f1os ser\u00e1 desmontado: en 2017 a 7,5%, en 2018 a 3,8% y hasta cero en 2019. A su vez, en un margen de 10 a\u00f1os, quedar\u00e1n desgravados los productos que hoy tienen un arancel de 29,4%, entre los cuales se destacan distintos tipos de veh\u00edculos, como los de tracciones en cuatro ruedas (camionetas, camperos, entre otros).<\/p>\n<p style=\"text-align: justify;\">Por \u00faltimo, seg\u00fan los datos emitidos por el Departamento Administrativo Nacional de Estad\u00edsticas (DANE), la balanza comercial con los pa\u00edses que conforman el Tri\u00e1ngulo del Norte se encuentra en super\u00e1vit para este a\u00f1o con un total de USD 281 millones.<\/p>\n<p>&nbsp;<\/p>\n<p>[\/vc_column_text][vc_column_text]<\/p>\n<p style=\"text-align: justify;\">\n<p style=\"text-align: justify;\">Fuente<\/p>\n<p style=\"text-align: justify;\"><a href=\"http:\/\/www.estrategiaynegocios.net\/centroamericaymundo\/centroamerica\/elsalvador\/1013715-330\/colombia-baja-aranceles-a-importaciones-hechas-desde-el-salvador\">Colombia baja aranceles a importaciones hechas desde El Salvador<\/a> \u2013 Estrategia y Negocios<\/p>\n<p style=\"text-align: justify;\"><a href=\"http:\/\/www.larepublica.co\/colombia-baja-aranceles-importaciones-hechas-desde-el-salvador_436896\">Colombia baja aranceles a importaciones hechas desde El Salvador<\/a> \u2013 La Rep\u00fablica<\/p>\n<p>&nbsp;<\/p>\n<p>[\/vc_column_text][\/vc_column][\/vc_row][vc_row][vc_column][\/vc_column][\/vc_row]<\/p>\n","protected":false},"excerpt":{"rendered":"<p>[vc_row][vc_column][vc_empty_space][vc_column_text] Despu\u00e9s de seis a\u00f1os de haberse firmado el Tratado de Libre Comercio entre Colombia y El Salvador, el pa\u00eds cafetero sigui\u00f3 con el protocolo de desgravaci\u00f3n de algunos productos y se implement\u00f3 la reducci\u00f3n de aranceles a las frutas, maquillaje y productos de aseo provenientes de la naci\u00f3n centroamericana. [\/vc_column_text][\/vc_column][\/vc_row][vc_row][vc_column][dt_call_to_action background=&#8221;fancy&#8221; line=&#8221;true&#8221; style=&#8221;1&#8243; animation=&#8221;bounceInRight&#8221;][dt_gap [&hellip;]<\/p>\n","protected":false},"author":1,"featured_media":0,"comment_status":"closed","ping_status":"closed","sticky":false,"template":"","format":"standard","meta":{"_acf_changed":false,"_joinchat":[],"footnotes":""},"categories":[36],"tags":[],"class_list":["post-20148","post","type-post","status-publish","format-standard","hentry","category-new-trade","entry","owp-thumbs-layout-horizontal","owp-btn-normal","owp-tabs-layout-horizontal","has-no-thumbnails","has-product-nav"],"acf":[],"_links":{"self":[{"href":"https:\/\/www.cvn.com.co\/en\/wp-json\/wp\/v2\/posts\/20148","targetHints":{"allow":["GET"]}}],"collection":[{"href":"https:\/\/www.cvn.com.co\/en\/wp-json\/wp\/v2\/posts"}],"about":[{"href":"https:\/\/www.cvn.com.co\/en\/wp-json\/wp\/v2\/types\/post"}],"author":[{"embeddable":true,"href":"https:\/\/www.cvn.com.co\/en\/wp-json\/wp\/v2\/users\/1"}],"replies":[{"embeddable":true,"href":"https:\/\/www.cvn.com.co\/en\/wp-json\/wp\/v2\/comments?post=20148"}],"version-history":[{"count":0,"href":"https:\/\/www.cvn.com.co\/en\/wp-json\/wp\/v2\/posts\/20148\/revisions"}],"wp:attachment":[{"href":"https:\/\/www.cvn.com.co\/en\/wp-json\/wp\/v2\/media?parent=20148"}],"wp:term":[{"taxonomy":"category","embeddable":true,"href":"https:\/\/www.cvn.com.co\/en\/wp-json\/wp\/v2\/categories?post=20148"},{"taxonomy":"post_tag","embeddable":true,"href":"https:\/\/www.cvn.com.co\/en\/wp-json\/wp\/v2\/tags?post=20148"}],"curies":[{"name":"wp","href":"https:\/\/api.w.org\/{rel}","templated":true}]}}