{"id":20164,"date":"2016-11-03T21:42:07","date_gmt":"2016-11-03T21:42:07","guid":{"rendered":"https:\/\/www.cvn.com.co\/?p=20164"},"modified":"2016-11-03T21:42:07","modified_gmt":"2016-11-03T21:42:07","slug":"cancer-terminara-con-la-vida-de-mas-de-cinco-millones-de-mujeres-en-el-2030","status":"publish","type":"post","link":"https:\/\/www.cvn.com.co\/en\/cancer-terminara-con-la-vida-de-mas-de-cinco-millones-de-mujeres-en-el-2030\/","title":{"rendered":"C\u00e1ncer terminar\u00e1 con la vida de m\u00e1s de cinco millones de mujeres en el 2030"},"content":{"rendered":"<p>[vc_row][vc_column][vc_empty_space][vc_column_text]<\/p>\n<p class=\"INTRO\" style=\"text-align: justify;\">Seg\u00fan lo arroj\u00f3 un estudio de la Sociedad Estadounidense del C\u00e1ncer (ACS por sus siglas en ingl\u00e9s), el c\u00e1ncer cobrar\u00e1 cerca de 5,5 millones de vidas de mujeres en el mundo para el 2030, lo que representa un 60% m\u00e1s que en el 2012.<\/p>\n<p>[\/vc_column_text][\/vc_column][\/vc_row][vc_row][vc_column][dt_call_to_action background=&#8221;fancy&#8221; line=&#8221;true&#8221; style=&#8221;1&#8243; animation=&#8221;bounceInRight&#8221;]<span style=\"font-size: 12pt; color: #333333;\">[dt_gap height=&#8221;3&#8243;\/]\u00a0<\/span><\/p>\n<p class=\"p1\"><span class=\"s1\" style=\"font-size: 18pt; color: #1aa8b8;\"><\/span><\/p>\n<p><em>\u00a0<\/em> [\/dt_call_to_action][\/vc_column][\/vc_row][vc_row][vc_column][vc_column_text]<\/p>\n<p>&nbsp;<\/p>\n<p style=\"text-align: justify;\">En el marco del Congreso Mundial del C\u00e1ncer que se est\u00e1 llevando a cabo desde el lunes y que culminar\u00e1 este jueves en la ciudad de Par\u00eds, Francia; la Sociedad Estadounidense del C\u00e1ncer (ACS por sus siglas en ingl\u00e9s) revel\u00f3 un informe aterrador sobre las proyecciones de esta enfermedad y su alcance en la poblaci\u00f3n mundial.<\/p>\n<p style=\"text-align: justify;\">Los datos que arroj\u00f3 la investigaci\u00f3n dieron como resultado que para el 2030, el c\u00e1ncer matar\u00e1 a 5,5 millones de mujeres en todo el mundo, lo que significa un 60% m\u00e1s de muertes que en el a\u00f1o 2012. Seg\u00fan lo explica la ACS, est\u00e1 cifra se dar\u00e1 debido al aumento de la poblaci\u00f3n y al envejecimiento de la misma.<\/p>\n<p style=\"text-align: justify;\">Ante esta alarmante proyecci\u00f3n, la entidad manifest\u00f3 que ser\u00e1 esencial aumentar los esfuerzos en educaci\u00f3n y en prevenci\u00f3n para luchar contra esta epidemia que mat\u00f3 a 3,5 millones de mujeres en 2012 sobre un total de 8 millones de muertes. La mayor\u00eda de estos decesos tuvo lugar en pa\u00edses en desarrollo; as\u00ed lo dio a conocer el Diario El Comercio de Per\u00fa.<\/p>\n<p style=\"text-align: justify;\">En vista de lo anterior, Sally Cowal, miembro de la ACS, explica que el peso del c\u00e1ncer es mayor en pa\u00edses con ingresos bajos y medios por el envejecimiento y crecimiento de la poblaci\u00f3n. Adem\u00e1s Cowal explic\u00f3 \u2013seg\u00fan lo publica Caracol Radio\u2013 que, factores como la obesidad y la inactividad f\u00edsica pueden contribuir al desarrollo de esta enfermedad.<\/p>\n<p style=\"text-align: justify;\">Cabe resaltar que el c\u00e1ncer es catalogado como la segunda causa de muerte en las mujeres en el mundo, lo que en total representa el 14% de las muertes del g\u00e9nero ocurridas en el 2012. Igualmente, el c\u00e1ncer de mama es la principal causa de muerte por neoplasias de mujeres a nivel global, tan solo en el 2012 fueron diagnosticadas con la enfermedad 1,7 millones de mujeres de las cuales fallecieron 521.900 en el a\u00f1o previamente mencionado.<\/p>\n<p style=\"text-align: justify;\">Finalmente, en el Congreso Mundial del C\u00e1ncer participar\u00e1n m\u00e1s de 110 pa\u00edses y cerca de 3.500 delegados, quienes buscar\u00e1n movilizar a la sociedad en la lucha activa contra el c\u00e1ncer.<\/p>\n<p>&nbsp;<\/p>\n<p>[\/vc_column_text][vc_column_text]<\/p>\n<p style=\"text-align: justify;\">\n<p style=\"text-align: justify;\">Fuente<\/p>\n<p style=\"text-align: justify;\"><a href=\"http:\/\/caracol.com.co\/radio\/2016\/11\/01\/salud\/1478015995_984237.html\">El c\u00e1ncer habr\u00e1 matado a m\u00e1s de cinco millones de mujeres para el 2030<\/a> \u2013 Caracol Radio<\/p>\n<p style=\"text-align: justify;\"><a href=\"http:\/\/elcomercio.pe\/ciencias\/investigaciones\/cancer-mataria-55-mlls-mujeres-anualmente-2030-noticia-1943507\">C\u00e1ncer matar\u00eda a 5,5 mlls. de mujeres anualmente para el 2030<\/a> \u2013 El Comercio, Per\u00fa<\/p>\n<p style=\"text-align: justify;\"><a href=\"http:\/\/www.elobservador.com.uy\/cancer-matara-55-millones-mujeres-ano-n992836\">C\u00e1ncer matar\u00e1 5,5 millones de mujeres por a\u00f1o<\/a> \u2013 El Observador, Uruguay<\/p>\n<p>&nbsp;<\/p>\n<p>[\/vc_column_text][\/vc_column][\/vc_row][vc_row][vc_column][\/vc_column][\/vc_row]<\/p>\n","protected":false},"excerpt":{"rendered":"<p>[vc_row][vc_column][vc_empty_space][vc_column_text] Seg\u00fan lo arroj\u00f3 un estudio de la Sociedad Estadounidense del C\u00e1ncer (ACS por sus siglas en ingl\u00e9s), el c\u00e1ncer cobrar\u00e1 cerca de 5,5 millones de vidas de mujeres en el mundo para el 2030, lo que representa un 60% m\u00e1s que en el 2012. [\/vc_column_text][\/vc_column][\/vc_row][vc_row][vc_column][dt_call_to_action background=&#8221;fancy&#8221; line=&#8221;true&#8221; style=&#8221;1&#8243; animation=&#8221;bounceInRight&#8221;][dt_gap height=&#8221;3&#8243;\/]\u00a0 \u00a0 [\/dt_call_to_action][\/vc_column][\/vc_row][vc_row][vc_column][vc_column_text] &nbsp; En [&hellip;]<\/p>\n","protected":false},"author":1,"featured_media":0,"comment_status":"closed","ping_status":"closed","sticky":false,"template":"","format":"standard","meta":{"_acf_changed":false,"_joinchat":[],"footnotes":""},"categories":[35],"tags":[],"class_list":["post-20164","post","type-post","status-publish","format-standard","hentry","category-new-healthcare","entry","owp-thumbs-layout-horizontal","owp-btn-normal","owp-tabs-layout-horizontal","has-no-thumbnails","has-product-nav"],"acf":[],"_links":{"self":[{"href":"https:\/\/www.cvn.com.co\/en\/wp-json\/wp\/v2\/posts\/20164","targetHints":{"allow":["GET"]}}],"collection":[{"href":"https:\/\/www.cvn.com.co\/en\/wp-json\/wp\/v2\/posts"}],"about":[{"href":"https:\/\/www.cvn.com.co\/en\/wp-json\/wp\/v2\/types\/post"}],"author":[{"embeddable":true,"href":"https:\/\/www.cvn.com.co\/en\/wp-json\/wp\/v2\/users\/1"}],"replies":[{"embeddable":true,"href":"https:\/\/www.cvn.com.co\/en\/wp-json\/wp\/v2\/comments?post=20164"}],"version-history":[{"count":0,"href":"https:\/\/www.cvn.com.co\/en\/wp-json\/wp\/v2\/posts\/20164\/revisions"}],"wp:attachment":[{"href":"https:\/\/www.cvn.com.co\/en\/wp-json\/wp\/v2\/media?parent=20164"}],"wp:term":[{"taxonomy":"category","embeddable":true,"href":"https:\/\/www.cvn.com.co\/en\/wp-json\/wp\/v2\/categories?post=20164"},{"taxonomy":"post_tag","embeddable":true,"href":"https:\/\/www.cvn.com.co\/en\/wp-json\/wp\/v2\/tags?post=20164"}],"curies":[{"name":"wp","href":"https:\/\/api.w.org\/{rel}","templated":true}]}}