{"id":20197,"date":"2016-11-08T22:36:35","date_gmt":"2016-11-08T22:36:35","guid":{"rendered":"https:\/\/www.cvn.com.co\/?p=20197"},"modified":"2016-11-08T22:36:35","modified_gmt":"2016-11-08T22:36:35","slug":"ventas-externas-de-vehiculos-pueden-llegar-a-los-500-millones-de-dolares-este-2016","status":"publish","type":"post","link":"https:\/\/www.cvn.com.co\/en\/ventas-externas-de-vehiculos-pueden-llegar-a-los-500-millones-de-dolares-este-2016\/","title":{"rendered":"Ventas externas de veh\u00edculos pueden llegar a los 500 millones de d\u00f3lares este 2016"},"content":{"rendered":"<p>[vc_row][vc_column][vc_empty_space][vc_column_text]<\/p>\n<p class=\"INTRO\" style=\"text-align: justify;\">De acuerdo con los datos emitidos por el Departamento Administrativo Nacional de Estad\u00edsticas (DANE), en los primeros nueve meses del 2016 el mercado de veh\u00edculos colombianos en el exterior se movi\u00f3 activamente, por lo que puede llegar f\u00e1cilmente a los USD 500 millones.<\/p>\n<p>[\/vc_column_text][\/vc_column][\/vc_row][vc_row][vc_column][dt_call_to_action background=&#8221;fancy&#8221; line=&#8221;true&#8221; style=&#8221;1&#8243; animation=&#8221;bounceInRight&#8221;]<span style=\"font-size: 12pt; color: #333333;\">[dt_gap height=&#8221;3&#8243;\/]\u00a0<\/span><\/p>\n<p class=\"p1\"><span class=\"s1\" style=\"font-size: 18pt; color: #1aa8b8;\"><\/span><\/p>\n<p><em>\u00a0<\/em> [\/dt_call_to_action][\/vc_column][\/vc_row][vc_row][vc_column][vc_column_text]<\/p>\n<p>&nbsp;<\/p>\n<p style=\"text-align: justify;\">El sector automotor en Colombia siempre se ha encargado de dinamizar de una u otra manera el mercado y la econom\u00eda nacional. Por eso, seg\u00fan los datos emitidos por el Departamento Administrativo Nacional de Estad\u00edsticas (DANE), entre enero y septiembre del 2016, las ventas de veh\u00edculos automotores y remolques han registrado ventas externas por USD 361,25 millones, esto representa un aumento del 0,8%, si se les comparan con las que se registraron en el mismo periodo del a\u00f1o anterior.<\/p>\n<p style=\"text-align: justify;\">Gracias a esta cifra emitida, y al dinamismo que registra el sector en general, las proyecciones del gobierno colombiano est\u00e1n orientadas a que para finalizar el 2016, las ventas fuera de las fronteras nacionales de los veh\u00edculos del pa\u00eds cafetero podr\u00edan llegar a los USD 500 millones.<\/p>\n<p style=\"text-align: justify;\">Por otra parte, la Revista Portafolio dio a conocer que las ventas de automotores y sus motores aumentaron un 6,8% en comparaci\u00f3n con el a\u00f1o anterior. Igualmente, la fabricaci\u00f3n de carrocer\u00edas, remolques y semi-remolques, se ha incrementado un 10,8%, estas han representado ventas en los mercados internacionales por 17,6 millones de d\u00f3lares.<\/p>\n<p style=\"text-align: justify;\">Ante esta situaci\u00f3n, el presidente de General Motors Colmotores, Jorge Mej\u00eda, explic\u00f3 que, la situaci\u00f3n econ\u00f3mica actual no incide de manera directa en el desempe\u00f1o de las exportaciones, ya sea de manera positiva o negativa, en especial en el sector automotor, en donde un programa de exportaci\u00f3n se planifica con cinco a\u00f1os de anticipaci\u00f3n.<\/p>\n<p style=\"text-align: justify;\">Por \u00faltimo, aunque el mercado exportador de veh\u00edculos en Colombia haya registrado un buen comportamiento en el a\u00f1o, a\u00fan existe incertidumbre en sobre como termine el a\u00f1o por la desaceleraci\u00f3n en la regi\u00f3n, lo cual podr\u00eda impactar negativamente al sector en el pa\u00eds.<\/p>\n<p>&nbsp;<\/p>\n<p>[\/vc_column_text][vc_column_text]<\/p>\n<p style=\"text-align: justify;\">\n<p style=\"text-align: justify;\">Fuente<\/p>\n<p style=\"text-align: justify;\"><a href=\"http:\/\/www.portafolio.co\/negocios\/exportaciones-de-vehiculos-2016-501445\">Exportaciones de veh\u00edculos en 2016, llegar\u00edan a US$500 millones<\/a> \u2013 Revista Portafolio<\/p>\n<p>&nbsp;<\/p>\n<p>[\/vc_column_text][\/vc_column][\/vc_row][vc_row][vc_column][\/vc_column][\/vc_row]<\/p>\n","protected":false},"excerpt":{"rendered":"<p>[vc_row][vc_column][vc_empty_space][vc_column_text] De acuerdo con los datos emitidos por el Departamento Administrativo Nacional de Estad\u00edsticas (DANE), en los primeros nueve meses del 2016 el mercado de veh\u00edculos colombianos en el exterior se movi\u00f3 activamente, por lo que puede llegar f\u00e1cilmente a los USD 500 millones. [\/vc_column_text][\/vc_column][\/vc_row][vc_row][vc_column][dt_call_to_action background=&#8221;fancy&#8221; line=&#8221;true&#8221; style=&#8221;1&#8243; animation=&#8221;bounceInRight&#8221;][dt_gap height=&#8221;3&#8243;\/]\u00a0 \u00a0 [\/dt_call_to_action][\/vc_column][\/vc_row][vc_row][vc_column][vc_column_text] &nbsp; El sector [&hellip;]<\/p>\n","protected":false},"author":1,"featured_media":0,"comment_status":"closed","ping_status":"closed","sticky":false,"template":"","format":"standard","meta":{"_acf_changed":false,"_joinchat":[],"footnotes":""},"categories":[37],"tags":[],"class_list":["post-20197","post","type-post","status-publish","format-standard","hentry","category-new_automotive","entry","owp-thumbs-layout-horizontal","owp-btn-normal","owp-tabs-layout-horizontal","has-no-thumbnails","has-product-nav"],"acf":[],"_links":{"self":[{"href":"https:\/\/www.cvn.com.co\/en\/wp-json\/wp\/v2\/posts\/20197","targetHints":{"allow":["GET"]}}],"collection":[{"href":"https:\/\/www.cvn.com.co\/en\/wp-json\/wp\/v2\/posts"}],"about":[{"href":"https:\/\/www.cvn.com.co\/en\/wp-json\/wp\/v2\/types\/post"}],"author":[{"embeddable":true,"href":"https:\/\/www.cvn.com.co\/en\/wp-json\/wp\/v2\/users\/1"}],"replies":[{"embeddable":true,"href":"https:\/\/www.cvn.com.co\/en\/wp-json\/wp\/v2\/comments?post=20197"}],"version-history":[{"count":0,"href":"https:\/\/www.cvn.com.co\/en\/wp-json\/wp\/v2\/posts\/20197\/revisions"}],"wp:attachment":[{"href":"https:\/\/www.cvn.com.co\/en\/wp-json\/wp\/v2\/media?parent=20197"}],"wp:term":[{"taxonomy":"category","embeddable":true,"href":"https:\/\/www.cvn.com.co\/en\/wp-json\/wp\/v2\/categories?post=20197"},{"taxonomy":"post_tag","embeddable":true,"href":"https:\/\/www.cvn.com.co\/en\/wp-json\/wp\/v2\/tags?post=20197"}],"curies":[{"name":"wp","href":"https:\/\/api.w.org\/{rel}","templated":true}]}}