{"id":20212,"date":"2016-11-10T16:45:00","date_gmt":"2016-11-10T16:45:00","guid":{"rendered":"https:\/\/www.cvn.com.co\/?p=20212"},"modified":"2016-11-10T16:45:00","modified_gmt":"2016-11-10T16:45:00","slug":"paises-de-la-alianza-del-pacifico-unificaran-mercado-de-dispositivos-medicos","status":"publish","type":"post","link":"https:\/\/www.cvn.com.co\/en\/paises-de-la-alianza-del-pacifico-unificaran-mercado-de-dispositivos-medicos\/","title":{"rendered":"Pa\u00edses de la Alianza del Pac\u00edfico unificar\u00e1n mercado de dispositivos m\u00e9dicos"},"content":{"rendered":"<p>[vc_row][vc_column][vc_empty_space][vc_column_text]<\/p>\n<p class=\"INTRO\" style=\"text-align: justify;\">Los pa\u00edses pertenecientes a la Alianza del Pac\u00edfico: Colombia, Chile, M\u00e9xico y Per\u00fa, llegaron a un acuerdo que pretende lograr la unificaci\u00f3n sanitaria de los dispositivos m\u00e9dicos, para as\u00ed aumentar las exportaciones e importaciones de estos equipos.<\/p>\n<p>[\/vc_column_text][\/vc_column][\/vc_row][vc_row][vc_column][dt_call_to_action background=&#8221;fancy&#8221; line=&#8221;true&#8221; style=&#8221;1&#8243; animation=&#8221;bounceInRight&#8221;]<span style=\"font-size: 12pt; color: #333333;\">[dt_gap height=&#8221;3&#8243;\/]\u00a0<\/span><\/p>\n<p class=\"p1\"><span class=\"s1\" style=\"font-size: 18pt; color: #1aa8b8;\"><\/span><\/p>\n<p><em>\u00a0<\/em> [\/dt_call_to_action][\/vc_column][\/vc_row][vc_row][vc_column][vc_column_text]<\/p>\n<p>&nbsp;<\/p>\n<p style=\"text-align: justify;\">Despu\u00e9s de dos a\u00f1os de conversaciones, los pa\u00edses miembros actuales de la Alianza del Pac\u00edfico: Colombia, Chile, M\u00e9xico y Per\u00fa lograron establecer un pacto en el cual se unificar\u00e1 el mercado de dispositivos m\u00e9dicos para incentivar la comercializaci\u00f3n de los mismos en la regi\u00f3n.<\/p>\n<p style=\"text-align: justify;\">Por medio de este acuerdo se pretende establecer primeramente una definici\u00f3n de los dispositivos m\u00e9dicos, despu\u00e9s se realizar\u00e1 una clasificaci\u00f3n de riesgo de los pa\u00edses miembros de la Alianza del Pac\u00edfico, se definir\u00e1n las condiciones requeridas para su comercializaci\u00f3n y los permisos para importaci\u00f3n.<\/p>\n<p style=\"text-align: justify;\">Seg\u00fan lo explica la Directora de la C\u00e1mara de Dispositivos e Insumos M\u00e9dicos de la ANDI, Marisol S\u00e1nchez, una regulaci\u00f3n oficial en este aspecto, impactar\u00eda positivamente el comercio internacional de este tipo de productos.<\/p>\n<p style=\"text-align: justify;\">Por su parte, los frentes de acci\u00f3n en los que tendr\u00edan que trabajar principalmente los miembros de la Alianza del Pac\u00edfico ser\u00edan la convergencia regulatoria, la lucha contra el comercio ilegal y transparencia; todo esto con el fin de eliminar barreras no arancelarias para mejorar el comercio internacional.<\/p>\n<p style=\"text-align: justify;\">Este acuerdo se pudo crear gracias al\u00a0 apoyo de la C\u00e1mara de Dispositivos e Insumos M\u00e9dicos de la ANDI en Colombia, la Asociaci\u00f3n Mexicana de Industrias Innovadoras de Dispositivos M\u00e9dicos (AMID) y la C\u00e1mara Nacional de Industria Farmac\u00e9utica (CANIFARMA). Estas entidades dieron a conocer que junto a la Andi dieron a conocer los tratados en el Consejo Empresarial de la Alianza del Pac\u00edfico en la mesa de Dispositivos M\u00e9dicos, y luego de dos a\u00f1os de conversaciones con la Sociedad Cient\u00edfica de Dispositivos M\u00e9dicos en Chile y COMSALUD en Per\u00fa, se consolid\u00f3 el acuerdo.<\/p>\n<p style=\"text-align: justify;\">Finalmente, este tema tendr\u00e1 especial importancia en el Foro de Dispositivos M\u00e9dicos que se efectuar\u00e1 este 10 de noviembre en el Cubo de Colsubsidio en Bogot\u00e1.<\/p>\n<p>&nbsp;<\/p>\n<p>[\/vc_column_text][vc_column_text]<\/p>\n<p style=\"text-align: justify;\">\n<p style=\"text-align: justify;\">Fuente<\/p>\n<p style=\"text-align: justify;\"><a href=\"http:\/\/www.dinero.com\/internacional\/articulo\/marco-regulatorio-para-comercializacion-de-dispositivos-medicos-en-alianza-del-pacifico\/238712\">Pa\u00edses de la Alianza del Pac\u00edfico unificar\u00e1n su mercado de dispositivos m\u00e9dicos<\/a> \u2013 Revista Dinero<\/p>\n<p style=\"text-align: justify;\"><a href=\"http:\/\/www.elmundo.com\/portal\/noticias\/economia\/alianza_del_pacifico_unificaria__mercados_de__dispositivos_medicos.php#.WCXLTy197IV\">\u00a0Alianza del Pac\u00edfico unificar\u00eda mercados de dispositivos m\u00e9dicos<\/a> \u2013 El Mundo, Colombia<\/p>\n<p>&nbsp;<\/p>\n<p>[\/vc_column_text][\/vc_column][\/vc_row][vc_row][vc_column][\/vc_column][\/vc_row]<\/p>\n","protected":false},"excerpt":{"rendered":"<p>[vc_row][vc_column][vc_empty_space][vc_column_text] Los pa\u00edses pertenecientes a la Alianza del Pac\u00edfico: Colombia, Chile, M\u00e9xico y Per\u00fa, llegaron a un acuerdo que pretende lograr la unificaci\u00f3n sanitaria de los dispositivos m\u00e9dicos, para as\u00ed aumentar las exportaciones e importaciones de estos equipos. [\/vc_column_text][\/vc_column][\/vc_row][vc_row][vc_column][dt_call_to_action background=&#8221;fancy&#8221; line=&#8221;true&#8221; style=&#8221;1&#8243; animation=&#8221;bounceInRight&#8221;][dt_gap height=&#8221;3&#8243;\/]\u00a0 \u00a0 [\/dt_call_to_action][\/vc_column][\/vc_row][vc_row][vc_column][vc_column_text] &nbsp; Despu\u00e9s de dos a\u00f1os de conversaciones, los pa\u00edses [&hellip;]<\/p>\n","protected":false},"author":1,"featured_media":0,"comment_status":"closed","ping_status":"closed","sticky":false,"template":"","format":"standard","meta":{"_acf_changed":false,"_joinchat":[],"footnotes":""},"categories":[35],"tags":[],"class_list":["post-20212","post","type-post","status-publish","format-standard","hentry","category-new-healthcare","entry","owp-thumbs-layout-horizontal","owp-btn-normal","owp-tabs-layout-horizontal","has-no-thumbnails","has-product-nav"],"acf":[],"_links":{"self":[{"href":"https:\/\/www.cvn.com.co\/en\/wp-json\/wp\/v2\/posts\/20212","targetHints":{"allow":["GET"]}}],"collection":[{"href":"https:\/\/www.cvn.com.co\/en\/wp-json\/wp\/v2\/posts"}],"about":[{"href":"https:\/\/www.cvn.com.co\/en\/wp-json\/wp\/v2\/types\/post"}],"author":[{"embeddable":true,"href":"https:\/\/www.cvn.com.co\/en\/wp-json\/wp\/v2\/users\/1"}],"replies":[{"embeddable":true,"href":"https:\/\/www.cvn.com.co\/en\/wp-json\/wp\/v2\/comments?post=20212"}],"version-history":[{"count":0,"href":"https:\/\/www.cvn.com.co\/en\/wp-json\/wp\/v2\/posts\/20212\/revisions"}],"wp:attachment":[{"href":"https:\/\/www.cvn.com.co\/en\/wp-json\/wp\/v2\/media?parent=20212"}],"wp:term":[{"taxonomy":"category","embeddable":true,"href":"https:\/\/www.cvn.com.co\/en\/wp-json\/wp\/v2\/categories?post=20212"},{"taxonomy":"post_tag","embeddable":true,"href":"https:\/\/www.cvn.com.co\/en\/wp-json\/wp\/v2\/tags?post=20212"}],"curies":[{"name":"wp","href":"https:\/\/api.w.org\/{rel}","templated":true}]}}