{"id":20302,"date":"2016-11-18T16:50:10","date_gmt":"2016-11-18T16:50:10","guid":{"rendered":"https:\/\/www.cvn.com.co\/?p=20302"},"modified":"2016-11-18T16:50:10","modified_gmt":"2016-11-18T16:50:10","slug":"en-espana-sector-de-perfumeria-y-cosmetica-preve-buen-dinamismo-para-este-diciembre","status":"publish","type":"post","link":"https:\/\/www.cvn.com.co\/en\/en-espana-sector-de-perfumeria-y-cosmetica-preve-buen-dinamismo-para-este-diciembre\/","title":{"rendered":"En Espa\u00f1a, sector de perfumer\u00eda y cosm\u00e9tica prev\u00e9 buen dinamismo para este diciembre"},"content":{"rendered":"<p>[vc_row][vc_column][vc_empty_space][vc_column_text]<\/p>\n<p class=\"INTRO\" style=\"text-align: justify;\">Con la llegada del Black Friday, se espera que en Espa\u00f1a, las ventas del sector de perfumer\u00eda y cosm\u00e9ticos tengan un comportamiento positivo en estos \u00faltimos meses del a\u00f1o, en especial en la \u00e9poca navide\u00f1a.<\/p>\n<p>[\/vc_column_text][\/vc_column][\/vc_row][vc_row][vc_column][dt_call_to_action background=&#8221;fancy&#8221; line=&#8221;true&#8221; style=&#8221;1&#8243; animation=&#8221;bounceInRight&#8221;]<span style=\"font-size: 12pt; color: #333333;\">[dt_gap height=&#8221;3&#8243;\/]\u00a0<\/span><\/p>\n<p class=\"p1\"><span class=\"s1\" style=\"font-size: 18pt; color: #1aa8b8;\"><\/span><\/p>\n<p><em>\u00a0<\/em> [\/dt_call_to_action][\/vc_column][\/vc_row][vc_row][vc_column][vc_column_text]<\/p>\n<p>&nbsp;<\/p>\n<p style=\"text-align: justify;\">Este pr\u00f3ximo viernes 25 de noviembre, se llevar\u00e1 a cabo en toda Espa\u00f1a el tan esperado \u201cBlack Friday\u201d. Esta fecha es una costumbre netamente estadounidense que pone en oferta cientos de productos el \u00faltimo viernes de noviembre de cara ya a la entrada de las fiestas navide\u00f1as. En este d\u00eda se espera que las ventas de un sinf\u00edn de productos se incrementen por la jornada de descuentos.<\/p>\n<p style=\"text-align: justify;\">Este fen\u00f3meno se ha expandido por toda Am\u00e9rica e inclusive ha trascendido al territorio europeo. Es tal la importancia de esta fecha que ya se encuentra entre las cinco semanas que genera m\u00e1s consumo de todo el a\u00f1o, situ\u00e1ndose como la tercera en importancia detr\u00e1s de Navidades y Reyes.<\/p>\n<p style=\"text-align: justify;\">Por eso, en Espa\u00f1a se llevar\u00e1 a cabo esta iniciativa comercial para la fecha ya mencionada. Dentro de los productos que en el territorio espa\u00f1ol auguran un dinamismo amplio en sus ventas est\u00e1 el sector en general de cosm\u00e9ticos y perfumer\u00eda. Seg\u00fan lo explica el diario local El Economista, los distribuidores de perfumer\u00eda y cosm\u00e9ticos en el pa\u00eds, esperan un alto tr\u00e1fico en tiendas que ya se dio el a\u00f1o pasado de manera inesperada. As\u00ed, el Black Friday del a\u00f1o pasado supuso un crecimiento del 49% en valor y 45% en n\u00famero de unidades de productos de perfumer\u00eda y cosm\u00e9tica.<\/p>\n<p style=\"text-align: justify;\">Por su parte, el portal web Financial Food dio a conocer que, para el Black Friday ocurrido en el 2015, los productos m\u00e1s demandados durante este periodo obtuvieron un crecimiento de doble digito. Entre ellos, destacan los perfumes con un 45% m\u00e1s, seguido del maquillaje, con el 39% m\u00e1s, y la categor\u00eda que presenta un mayor crecimiento, el tratamiento, con unos valores record de m\u00e1s del 62%.<\/p>\n<p style=\"text-align: justify;\">Cabe resaltar que los representantes del sector no solo esperan buenos n\u00fameros en lo referente a las compras de manera f\u00edsica, tambi\u00e9n la expectativa est\u00e1 por el auge de las compras a trav\u00e9s de internet, fen\u00f3meno que se ha incrementado en los \u00faltimos a\u00f1os.<\/p>\n<p>&nbsp;<\/p>\n<p>[\/vc_column_text][vc_column_text]<\/p>\n<p style=\"text-align: justify;\">\n<p style=\"text-align: justify;\">Fuente<\/p>\n<p style=\"text-align: justify;\"><a href=\"http:\/\/www.eleconomista.es\/economia\/noticias\/7966249\/11\/16\/Economia-El-sector-de-la-perfumeria-y-cosmetica-preve-una-gran-campana-de-Navidad-impulsada-por-el-Black-Friday.html\">El sector de la perfumer\u00eda y cosm\u00e9tica prev\u00e9 una &#8220;gran campa\u00f1a&#8221; de Navidad, impulsada por el &#8216;Black Friday&#8217;<\/a> \u2013 El Economista, Espa\u00f1a<\/p>\n<p style=\"text-align: justify;\"><a href=\"http:\/\/financialfood.es\/default.aspx?where=7&amp;id=1&amp;n=22971\">El sector de perfumer\u00eda y cosm\u00e9tica augura una gran campa\u00f1a de Navidad<\/a> \u2013 Financial Food, Espa\u00f1a<\/p>\n<p>&nbsp;<\/p>\n<p>[\/vc_column_text][\/vc_column][\/vc_row][vc_row][vc_column][\/vc_column][\/vc_row]<\/p>\n","protected":false},"excerpt":{"rendered":"<p>[vc_row][vc_column][vc_empty_space][vc_column_text] Con la llegada del Black Friday, se espera que en Espa\u00f1a, las ventas del sector de perfumer\u00eda y cosm\u00e9ticos tengan un comportamiento positivo en estos \u00faltimos meses del a\u00f1o, en especial en la \u00e9poca navide\u00f1a. [\/vc_column_text][\/vc_column][\/vc_row][vc_row][vc_column][dt_call_to_action background=&#8221;fancy&#8221; line=&#8221;true&#8221; style=&#8221;1&#8243; animation=&#8221;bounceInRight&#8221;][dt_gap height=&#8221;3&#8243;\/]\u00a0 \u00a0 [\/dt_call_to_action][\/vc_column][\/vc_row][vc_row][vc_column][vc_column_text] &nbsp; Este pr\u00f3ximo viernes 25 de noviembre, se llevar\u00e1 a cabo [&hellip;]<\/p>\n","protected":false},"author":1,"featured_media":0,"comment_status":"closed","ping_status":"closed","sticky":false,"template":"","format":"standard","meta":{"_acf_changed":false,"_joinchat":[],"footnotes":""},"categories":[34],"tags":[],"class_list":["post-20302","post","type-post","status-publish","format-standard","hentry","category-new-chemical","entry","owp-thumbs-layout-horizontal","owp-btn-normal","owp-tabs-layout-horizontal","has-no-thumbnails","has-product-nav"],"acf":[],"_links":{"self":[{"href":"https:\/\/www.cvn.com.co\/en\/wp-json\/wp\/v2\/posts\/20302","targetHints":{"allow":["GET"]}}],"collection":[{"href":"https:\/\/www.cvn.com.co\/en\/wp-json\/wp\/v2\/posts"}],"about":[{"href":"https:\/\/www.cvn.com.co\/en\/wp-json\/wp\/v2\/types\/post"}],"author":[{"embeddable":true,"href":"https:\/\/www.cvn.com.co\/en\/wp-json\/wp\/v2\/users\/1"}],"replies":[{"embeddable":true,"href":"https:\/\/www.cvn.com.co\/en\/wp-json\/wp\/v2\/comments?post=20302"}],"version-history":[{"count":0,"href":"https:\/\/www.cvn.com.co\/en\/wp-json\/wp\/v2\/posts\/20302\/revisions"}],"wp:attachment":[{"href":"https:\/\/www.cvn.com.co\/en\/wp-json\/wp\/v2\/media?parent=20302"}],"wp:term":[{"taxonomy":"category","embeddable":true,"href":"https:\/\/www.cvn.com.co\/en\/wp-json\/wp\/v2\/categories?post=20302"},{"taxonomy":"post_tag","embeddable":true,"href":"https:\/\/www.cvn.com.co\/en\/wp-json\/wp\/v2\/tags?post=20302"}],"curies":[{"name":"wp","href":"https:\/\/api.w.org\/{rel}","templated":true}]}}