{"id":22634,"date":"2018-02-06T15:28:48","date_gmt":"2018-02-06T15:28:48","guid":{"rendered":"https:\/\/www.cvn.com.co\/?p=22634"},"modified":"2018-02-06T15:28:48","modified_gmt":"2018-02-06T15:28:48","slug":"estados-financieros-de-mercados","status":"publish","type":"post","link":"https:\/\/www.cvn.com.co\/en\/estados-financieros-de-mercados\/","title":{"rendered":"An\u00e1lisis al entorno actual: Estados financieros de mercados"},"content":{"rendered":"<h1 style=\"text-align: center;\"><b>An\u00e1lisis al entorno actual<\/b><\/h1>\n<h2><b>Estados financieros de mercados <\/b><\/h2>\n<p><span style=\"font-weight: 400;\">Al finalizar esta semana las bolsas europeas y los estados financieros de mercados, prendieron las alarmas luego de los resultados corporativo publicados por Deutsche Bank en el que se indic\u00f3 una p\u00e9rdida de 497 millones de euros en 2017, como consecuencia de la reforma \u00a0fiscal realizada por Estados Unidos, acumulando as\u00ed, tres a\u00f1os consecutivos de p\u00e9rdidas.\u00a0<\/span><span style=\"font-weight: 400;\"><br \/>\n<\/span><span style=\"font-weight: 400;\"><br \/>\n<\/span><span style=\"font-weight: 400;\">Dentro de este panorama el d\u00f3lar logr\u00f3 recuperarse luego de la publicaci\u00f3n de los datos de empleo en Estados Unidos, los cuales contin\u00faan registrando un buen desempe\u00f1o y siguen dando s\u00edntomas de fortaleza con una creaci\u00f3n de 200.000 empleos frente a los 180.000 esperado por el mercado; as\u00ed mismo, el incremento de salarios que super\u00f3 las expectativas y alcanz\u00f3 niveles no vistos desde 2009. <\/span><\/p>\n<p><span style=\"font-weight: 400;\">Otro aspecto positivo fue el anuncio realizado por parte de la Reserva Federal de Estados Unidos en las que se destac\u00f3 la confianza en la inflaci\u00f3n y crecimiento en el pa\u00eds, en el que se espera que el comportamiento en la creaci\u00f3n de empleos en Estados Unidos, influya en las expectativas sobre un aumento de las tasas de inter\u00e9s.<\/span><\/p>\n<p>&nbsp;<\/p>\n<p><span style=\"font-weight: 400;\">En cuanto al tema del petr\u00f3leo este descendi\u00f3 y se ubic\u00f3 en los US$65,4 por barril, a pesar de la variaci\u00f3n positiva que se hab\u00eda registrado en la jornada anterior. Este fen\u00f3meno seg\u00fan expertos se da como consecuencia de la ca\u00edda en la producci\u00f3n de petr\u00f3leo en Venezuela.<\/span><span style=\"font-weight: 400;\"><br \/>\n<\/span><\/p>\n<p><span style=\"font-weight: 400;\">En el plano nacional, se dieron varios anuncios entre los que el Banco de la Rep\u00fablica destac\u00f3 el recorte en la tasa de inter\u00e9s en 25 pb hasta 4,5% en el que se completa el ciclo de reducci\u00f3n de tasas. <\/span><\/p>\n<p><span style=\"font-weight: 400;\">En los estados financieros de mercados, algunos indican que estas decisiones de pol\u00edtica monetaria son ligeramente expansiva y hacen que el riesgo de la convergencia de la inflaci\u00f3n a la meta sea m\u00e1s lenta de lo proyectado.<\/span><\/p>\n<p><span style=\"font-weight: 400;\">Para los colombianos la situaci\u00f3n econ\u00f3mica del pa\u00eds cada d\u00eda est\u00e1 peor, como consecuencia de la elevada tasa de desempleo, el aumento considerable en los precios de la canasta familiar, transporte, servicios p\u00fablicos y otros. A esto se suma el sinsabor por parte de la clase obrera en el bajo incremento del salario m\u00ednimo que no logra cubrir las necesidades b\u00e1sicas de los colombianos y que no permite la adquisici\u00f3n de bienes.<\/span><\/p>\n<p><span style=\"font-weight: 400;\">Este panorama cr\u00edtico y desalentador es percibido con mayor \u00e9nfasis por los habitantes de las zona Pac\u00edfico y Andina. Por otro lado, las personas que viven en la zona Caribe consideran que el 2018 ha sido mucho mejor en comparaci\u00f3n con el a\u00f1o anterior. <\/span><\/p>\n<p>Para m\u00e1s informaci\u00f3n:<a href=\"https:\/\/www.cvn.com.co\/\" target=\"_blank\" rel=\"noopener\">\u00a0https:\/\/www.cvn.com.co\/<\/a><\/p>\n","protected":false},"excerpt":{"rendered":"<p>An\u00e1lisis al entorno actual Estados financieros de mercados Al finalizar esta semana las bolsas europeas y los estados financieros de mercados, prendieron las alarmas luego de los resultados corporativo publicados por Deutsche Bank en el que se indic\u00f3 una p\u00e9rdida de 497 millones de euros en 2017, como consecuencia de la reforma \u00a0fiscal realizada por [&hellip;]<\/p>\n","protected":false},"author":1,"featured_media":0,"comment_status":"closed","ping_status":"open","sticky":false,"template":"","format":"standard","meta":{"_acf_changed":false,"_joinchat":[],"footnotes":""},"categories":[36],"tags":[],"class_list":["post-22634","post","type-post","status-publish","format-standard","hentry","category-new-trade","entry","owp-thumbs-layout-horizontal","owp-btn-normal","owp-tabs-layout-horizontal","has-no-thumbnails","has-product-nav"],"acf":[],"_links":{"self":[{"href":"https:\/\/www.cvn.com.co\/en\/wp-json\/wp\/v2\/posts\/22634","targetHints":{"allow":["GET"]}}],"collection":[{"href":"https:\/\/www.cvn.com.co\/en\/wp-json\/wp\/v2\/posts"}],"about":[{"href":"https:\/\/www.cvn.com.co\/en\/wp-json\/wp\/v2\/types\/post"}],"author":[{"embeddable":true,"href":"https:\/\/www.cvn.com.co\/en\/wp-json\/wp\/v2\/users\/1"}],"replies":[{"embeddable":true,"href":"https:\/\/www.cvn.com.co\/en\/wp-json\/wp\/v2\/comments?post=22634"}],"version-history":[{"count":0,"href":"https:\/\/www.cvn.com.co\/en\/wp-json\/wp\/v2\/posts\/22634\/revisions"}],"wp:attachment":[{"href":"https:\/\/www.cvn.com.co\/en\/wp-json\/wp\/v2\/media?parent=22634"}],"wp:term":[{"taxonomy":"category","embeddable":true,"href":"https:\/\/www.cvn.com.co\/en\/wp-json\/wp\/v2\/categories?post=22634"},{"taxonomy":"post_tag","embeddable":true,"href":"https:\/\/www.cvn.com.co\/en\/wp-json\/wp\/v2\/tags?post=22634"}],"curies":[{"name":"wp","href":"https:\/\/api.w.org\/{rel}","templated":true}]}}