{"id":22822,"date":"2018-05-23T15:47:01","date_gmt":"2018-05-23T15:47:01","guid":{"rendered":"https:\/\/www.cvn.com.co\/?p=22822"},"modified":"2018-05-23T15:47:01","modified_gmt":"2018-05-23T15:47:01","slug":"exportacion-agropecuaria-en-colombia","status":"publish","type":"post","link":"https:\/\/www.cvn.com.co\/en\/exportacion-agropecuaria-en-colombia\/","title":{"rendered":"Exportaci\u00f3n agropecuaria en Colombia"},"content":{"rendered":"<h2 style=\"text-align: center;\"><b>Exportaci\u00f3n agropecuaria en Colombia <\/b><span style=\"font-weight: 400;\"><br \/>\n<\/span><b><\/b><\/h2>\n<h2><b>Exportaci\u00f3n agropecuaria<\/b><\/h2>\n<p><span style=\"font-weight: 400;\">Las exportaci\u00f3n agropecuaria en Colombia creci\u00f3 en lo corrido del a\u00f1o, principalmente por el aumento de las ventas de frutas, flores y follaje. El Ministerio de Agricultura resalt\u00f3 que en enero del 2018 fueron exportadas 448.960 toneladas de productos pertenecientes al agro.<\/span><\/p>\n<p><span style=\"font-weight: 400;\">De acuerdo a MinAgricultura, los art\u00edculos de mayor exportaci\u00f3n en el segundo mes de este a\u00f1o fueron: el az\u00facar de remolacha o ca\u00f1a sin refinar, que registr\u00f3 un aumento del 308,8%, seguido de las frutas frescas o secas con un crecimiento del 120,2% y el aceite de palma con un 98%.<\/span><\/p>\n<p><span style=\"font-weight: 400;\">Otros productos agropecuarios destacados por su aporte al crecimiento de las exportaciones del sector en el 2018, son el banano con un aumento del 50%, enviado principalmente a Estados Unidos y Reino Unido; las flores con una variaci\u00f3n positiva del 31%, vendidas principalmente a Estados Unidos y Jap\u00f3n, y el caf\u00e9 cuyas ventas subieron 8,5%. Esta mercanc\u00eda fue exportada principalmente a B\u00e9lgica, Corea y Canad\u00e1.<\/span><\/p>\n<p><span style=\"font-weight: 400;\">Teniendo en cuenta las proyecciones del sector, y con el objetivo de impulsar y fortalecer su productividad y crecimiento, el gobierno nacional le apuesta en la actualidad a diferentes iniciativas: \u00a0<\/span><\/p>\n<p><span style=\"font-weight: 400;\">Por un lado el Ministro de Agricultura Juan Guillermo Zuluaga anunci\u00f3 que fue ampliado el cupo para el proyecto \u201cA Toda M\u00e1quina\u201d por 200.000 millones para beneficiar a los peque\u00f1os y medianos productores rurales, \u201cquienes han encontrado en este mecanismo la oportunidad de acceder a maquinaria y modernizar sus proyectos productivos\u201d.<\/span><\/p>\n<p><span style=\"font-weight: 400;\">Este proyecto dio inicio a finales de octubre del 2017 con recursos por $100.000 millones y ha tenido una gran acogida, debido al compromiso de todos los miembros de la Junta Directiva de FINAGRO; el Ministerio de Agricultura y Desarrollo Rural, el Banco Agrario de Colombia, la Sociedad de Agricultores de Colombia (SAC) y los campesinos del pa\u00eds, representados por Confecampo y Anmucic, organizaciones que respaldan la iniciativa.<\/span><\/p>\n<p><span style=\"font-weight: 400;\">Por su parte, el jefe de la cartera agropecuaria resalt\u00f3 que tan solo 69 d\u00edas despu\u00e9s del lanzamiento de \u201cA Toda M\u00e1quina\u201d, se han logrado desembolsar m\u00e1s de 1.394 cr\u00e9ditos, por cerca de $64.000 millones, en 496 municipios del territorio nacional.<\/span><\/p>\n<p><span style=\"font-weight: 400;\">Otra de las iniciativas del Gobierno Nacional, es la Alianza El Agro Exporta, que \u00a0respaldar\u00e1 29 proyectos en 18 departamentos, a trav\u00e9s de una inversi\u00f3n total de $61.000 millones, aportados por MinAgricultura, y ejecutados por el Programa de Transformaci\u00f3n Productiva (PTP), entidad de MinComercio, dedicada a promover la productividad de sectores estrat\u00e9gicos para el pa\u00eds.<\/span><\/p>\n<p><span style=\"font-weight: 400;\">La Alianza El Agro Exporta, tiene como objetivo aumentar la calidad, productividad y comercializaci\u00f3n de los diferentes productos de exportaci\u00f3n agropecuaria. Con este proyecto se beneficiar\u00e1n m\u00e1s de 11 mil agricultores de 200 municipios del pa\u00eds, en los que se atender\u00e1n las necesidades de peque\u00f1os y medianos productores para contribuir a su competitividad y prepararlos para asumir los requerimientos de calidad del mercado internacional.<\/span><\/p>\n<p><span style=\"font-weight: 400;\">De acuerdo a lo anterior, a los niveles de inversi\u00f3n y a otros programas que se est\u00e1n llevando a cabo, el pa\u00eds cuenta con una situaci\u00f3n privilegiada para incrementar la producci\u00f3n y aumentar las exportaciones agropecuarias a diferentes pa\u00edses. Adem\u00e1s, tiene un alto potencial para convertirse en uno de los mayores proveedores de alimentos en el mundo, pues seg\u00fan cifras de la Organizaci\u00f3n de las Naciones Unidas para la Alimentaci\u00f3n, FAO, Colombia es uno de los siete pa\u00edses latinoamericanos con mayor disponibilidad de \u00e1reas para cultivo.<\/span><\/p>\n<p><span style=\"font-weight: 400;\">Dicha entidad evalu\u00f3 el potencial de expansi\u00f3n del \u00e1rea agr\u00edcola de 223 pa\u00edses, y Colombia fue clasificada en el puesto 25, teniendo en cuenta que el crecimiento agr\u00edcola del pa\u00eds no afectar\u00e1 los bosques ni las reservas naturales.<\/span><\/p>\n<p><span style=\"font-weight: 400;\">Para concluir, vale la pena resaltar que seg\u00fan fuentes de Finagro, de los 22 millones de hect\u00e1reas para cultivos que tiene el pa\u00eds, s\u00f3lo est\u00e1n sembradas 4,8 de ellas. Y a partir de este panorama, es posible inferir que a futuro se seguir\u00e1n abriendo oportunidades en materia de exportaci\u00f3n agropecuaria, pues, el pa\u00eds cuenta con<\/span><span style=\"font-weight: 400;\"><br \/>\n<\/span><span style=\"font-weight: 400;\">un sector agr\u00edcola en proceso de crecimiento.<\/span><\/p>\n<p>Para m\u00e1s informaci\u00f3n puedes ingresar al siguiente link:<a href=\"https:\/\/www.cvn.com.co\/\" target=\"_blank\" rel=\"noopener\">\u00a0www.cvn.com.co<\/a><\/p>\n<p>&nbsp;<\/p>\n","protected":false},"excerpt":{"rendered":"<p>Exportaci\u00f3n agropecuaria en Colombia Exportaci\u00f3n agropecuaria Las exportaci\u00f3n agropecuaria en Colombia creci\u00f3 en lo corrido del a\u00f1o, principalmente por el aumento de las ventas de frutas, flores y follaje. El Ministerio de Agricultura resalt\u00f3 que en enero del 2018 fueron exportadas 448.960 toneladas de productos pertenecientes al agro. De acuerdo a MinAgricultura, los art\u00edculos de [&hellip;]<\/p>\n","protected":false},"author":1,"featured_media":24973,"comment_status":"closed","ping_status":"closed","sticky":false,"template":"","format":"standard","meta":{"_acf_changed":false,"_joinchat":[],"footnotes":""},"categories":[38],"tags":[40,41,42,43,44],"class_list":["post-22822","post","type-post","status-publish","format-standard","has-post-thumbnail","hentry","category-new-food-and-beverages","tag-agropecuario","tag-alimentos","tag-exportacion","tag-frutas","tag-verduras","entry","has-media","owp-thumbs-layout-horizontal","owp-btn-normal","owp-tabs-layout-horizontal","has-no-thumbnails","has-product-nav"],"acf":[],"_links":{"self":[{"href":"https:\/\/www.cvn.com.co\/en\/wp-json\/wp\/v2\/posts\/22822","targetHints":{"allow":["GET"]}}],"collection":[{"href":"https:\/\/www.cvn.com.co\/en\/wp-json\/wp\/v2\/posts"}],"about":[{"href":"https:\/\/www.cvn.com.co\/en\/wp-json\/wp\/v2\/types\/post"}],"author":[{"embeddable":true,"href":"https:\/\/www.cvn.com.co\/en\/wp-json\/wp\/v2\/users\/1"}],"replies":[{"embeddable":true,"href":"https:\/\/www.cvn.com.co\/en\/wp-json\/wp\/v2\/comments?post=22822"}],"version-history":[{"count":0,"href":"https:\/\/www.cvn.com.co\/en\/wp-json\/wp\/v2\/posts\/22822\/revisions"}],"wp:featuredmedia":[{"embeddable":true,"href":"https:\/\/www.cvn.com.co\/en\/wp-json\/wp\/v2\/media\/24973"}],"wp:attachment":[{"href":"https:\/\/www.cvn.com.co\/en\/wp-json\/wp\/v2\/media?parent=22822"}],"wp:term":[{"taxonomy":"category","embeddable":true,"href":"https:\/\/www.cvn.com.co\/en\/wp-json\/wp\/v2\/categories?post=22822"},{"taxonomy":"post_tag","embeddable":true,"href":"https:\/\/www.cvn.com.co\/en\/wp-json\/wp\/v2\/tags?post=22822"}],"curies":[{"name":"wp","href":"https:\/\/api.w.org\/{rel}","templated":true}]}}