{"id":23878,"date":"2018-08-17T17:11:15","date_gmt":"2018-08-17T17:11:15","guid":{"rendered":"https:\/\/www.cvn.com.co\/?p=23878"},"modified":"2018-08-17T17:11:15","modified_gmt":"2018-08-17T17:11:15","slug":"acuerdo-de-asociacion-economica","status":"publish","type":"post","link":"https:\/\/www.cvn.com.co\/en\/acuerdo-de-asociacion-economica\/","title":{"rendered":"Acuerdo  de asociaci\u00f3n Econ\u00f3mica entre Jap\u00f3n y Colombia 2011 &#8211; 2018"},"content":{"rendered":"<h2><b>Acuerdo \u00a0de Asociaci\u00f3n Econ\u00f3mica (AAE): 2011 &#8211; 2012<\/b><\/h2>\n<p><span style=\"font-weight: 400;\">Acuerdo: Durante septiembre de 2011, el Primer Ministro japon\u00e9s, Yoshihiko Noda, y el en ese entonces presidente de Colombia, Juan Manuel Santos, consolidaron el inicio de un grupo binacional, cuyo fin ser\u00eda estudiar la posibilidad y los beneficios de un Acuerdo de Asociaci\u00f3n Econ\u00f3mica. <\/span><\/p>\n<p><span style=\"font-weight: 400;\">Antes de su puesta en marcha, se estableci\u00f3 un marco jur\u00eddico cuyo fin era implementar la inversi\u00f3n extranjera que era realizada de manera directa, a trav\u00e9s de un Acuerdo de Protecci\u00f3n y Promoci\u00f3n Rec\u00edproca de Inversiones (APPRI). Posteriormente, en sus inicios, este se basaba en la solicitud de mejoramiento, la contemplaci\u00f3n de los temas comerciales de un TLC y \u00a0la cooperaci\u00f3n.<\/span><\/p>\n<p><span style=\"font-weight: 400;\">El Acuerdo entre Jap\u00f3n y Colombia, que inici\u00f3 de manera formal en diciembre de 2012, es un elemento clave para el avance econ\u00f3mico del pa\u00eds, pues Jap\u00f3n es uno de los socios m\u00e1s importantes en materia de comercio. <\/span><\/p>\n<h3><b>Acuerdo \u00a0de Asociaci\u00f3n Econ\u00f3mica (AAE): 2015 &#8211; 2018<\/b><\/h3>\n<p><span style=\"font-weight: 400;\">Para el 2014, Jap\u00f3n ten\u00eda un PIB per c\u00e1pita de US$38.492 y su mercado contaba con 160 millones de consumidores, lo cual hac\u00eda que contar con un Acuerdo de Asociaci\u00f3n econ\u00f3mica firmado con este pa\u00eds, fuera beneficioso; sin embargo, en ese a\u00f1o exist\u00eda una inequidad comercial entre entre ambos pa\u00edses, pues mientras los colombianos vend\u00edan a los japoneses unos US$348 millones, la adquisici\u00f3n realizada por Colombia, dejaba ganancias de US$1.280 millones para Jap\u00f3n. <\/span><\/p>\n<p><span style=\"font-weight: 400;\">Durante el encuentro realizado en Bogot\u00e1 durante el 2016, en el que se habl\u00f3 sobre los puntos del acuerdo, se trataron dos temas, el primero las reglas de origen y el segundo las reglas de acceso a mercados de bienes bajo. Javier Gamboa, el l\u00edder negociador de Colombia, expuso los distintos avances en cuanto a los procedimientos de origen y criterios generales. Adem\u00e1s,en su momento, Gamboa recalc\u00f3 la importancia del acuerdo para el pa\u00eds, ya que lograr\u00eda la potencializaci\u00f3n del sector agr\u00edcola y agroindustrial.<\/span><\/p>\n<p><span style=\"font-weight: 400;\">El Ministerio de comercio, asegur\u00f3 que con este acuerdo &#8220;se ha logrado triplicar sus exportaciones a este destino, pasando de US$165 millones en 2001 a m\u00e1s de US$ 700 millones en 2015&#8221;.<\/span><\/p>\n<p><span style=\"font-weight: 400;\">Adem\u00e1s, la entidad tambi\u00e9n afirma que &#8220;la negociaci\u00f3n se enmarca en la estrategia de acercamiento a Asia que viene desarrollando el Gobierno y significa una oportunidad para Colombia, por cuanto Jap\u00f3n es un pa\u00eds con el cual ha estrechado considerablemente sus relaciones comerciales en la \u00faltima d\u00e9cada&#8221;.<\/span><\/p>\n<h3><b>Principales productos importados y exportados<\/b><\/h3>\n<p><span style=\"font-weight: 400;\">Los principales productos que salen de Colombia hacia Jap\u00f3n, son las flores, en especial los claveles; tambi\u00e9n se destacan el n\u00edquel, productos qu\u00edmicos y caf\u00e9 nacional; entre la mercanc\u00eda que llega al pa\u00eds desde Jap\u00f3n, lo que m\u00e1s se destaca son los autom\u00f3viles y autopartes, maquinaria, alimentos, equipos de comunicaci\u00f3n, autom\u00f3viles, qu\u00edmicos y alimentos. <\/span><\/p>\n<h3><b>El acuerdo en la actualidad<\/b><\/h3>\n<p><span style=\"font-weight: 400;\">Jap\u00f3n, se ha convertido en un importante negociador en Am\u00e9rica Latina, logrando que econom\u00edas como la mexicana y chilena se vean beneficiadas con las inversiones que ha realizado el pa\u00eds nip\u00f3n, en estos territorios, pero el Gobierno de Juan Manuel Santos, afirm\u00f3 a principios de este a\u00f1o, que no firmar\u00eda nuevamente el Acuerdo de Asociaci\u00f3n Econ\u00f3mica con Jap\u00f3n. <\/span><span style=\"font-weight: 400;\"><br \/>\n<\/span><span style=\"font-weight: 400;\"><br \/>\n<\/span><span style=\"font-weight: 400;\">El columnista de Portafolio, Juan Pablo Campos, expres\u00f3 su inconformidad por la toma de esta decisi\u00f3n, porque seg\u00fan \u00e9l, \u201cJap\u00f3n no ha hecho suficientes concesiones en materia agr\u00edcola.\u201d Y adem\u00e1s, \u201clos contingentes otorgados para algunos productos son insignificantes.\u201d<\/span><\/p>\n<p><span style=\"font-weight: 400;\">Por su parte, el actual presidente de la naci\u00f3n, Iv\u00e1n Duque, afirm\u00f3 que durante su mandato no firmar\u00e1 m\u00e1s tratados de libre comercio y har\u00e1 \u00e9nfasis en el aprovechamiento de los acuerdos existentes en el pa\u00eds. Mientras tanto, el ex embajador de Jap\u00f3n en Colombia, Tatsumaru Terazawa, espera que el nuevo Gobierno \u201cretome las negociaciones del Acuerdo de Asociaci\u00f3n Econ\u00f3mica con Jap\u00f3n.\u201d<\/span><\/p>\n<p><span style=\"font-weight: 400;\">Si quieres obtener m\u00e1s informaci\u00f3n sobre este y otros temas nacionales e internacionales, puedes ingresar al siguiente link:\u00a0<a href=\"https:\/\/www.cvn.com.co\/\" target=\"_blank\" rel=\"noopener\">www.cvn.com.co<\/a>\u00a0<\/span><\/p>\n","protected":false},"excerpt":{"rendered":"<p>Acuerdo \u00a0de Asociaci\u00f3n Econ\u00f3mica (AAE): 2011 &#8211; 2012 Acuerdo: Durante septiembre de 2011, el Primer Ministro japon\u00e9s, Yoshihiko Noda, y el en ese entonces presidente de Colombia, Juan Manuel Santos, consolidaron el inicio de un grupo binacional, cuyo fin ser\u00eda estudiar la posibilidad y los beneficios de un Acuerdo de Asociaci\u00f3n Econ\u00f3mica. Antes de su [&hellip;]<\/p>\n","protected":false},"author":1,"featured_media":0,"comment_status":"open","ping_status":"open","sticky":false,"template":"","format":"standard","meta":{"_acf_changed":false,"_joinchat":[],"footnotes":""},"categories":[36],"tags":[],"class_list":["post-23878","post","type-post","status-publish","format-standard","hentry","category-new-trade","entry","owp-thumbs-layout-horizontal","owp-btn-normal","owp-tabs-layout-horizontal","has-no-thumbnails","has-product-nav"],"acf":[],"_links":{"self":[{"href":"https:\/\/www.cvn.com.co\/en\/wp-json\/wp\/v2\/posts\/23878","targetHints":{"allow":["GET"]}}],"collection":[{"href":"https:\/\/www.cvn.com.co\/en\/wp-json\/wp\/v2\/posts"}],"about":[{"href":"https:\/\/www.cvn.com.co\/en\/wp-json\/wp\/v2\/types\/post"}],"author":[{"embeddable":true,"href":"https:\/\/www.cvn.com.co\/en\/wp-json\/wp\/v2\/users\/1"}],"replies":[{"embeddable":true,"href":"https:\/\/www.cvn.com.co\/en\/wp-json\/wp\/v2\/comments?post=23878"}],"version-history":[{"count":0,"href":"https:\/\/www.cvn.com.co\/en\/wp-json\/wp\/v2\/posts\/23878\/revisions"}],"wp:attachment":[{"href":"https:\/\/www.cvn.com.co\/en\/wp-json\/wp\/v2\/media?parent=23878"}],"wp:term":[{"taxonomy":"category","embeddable":true,"href":"https:\/\/www.cvn.com.co\/en\/wp-json\/wp\/v2\/categories?post=23878"},{"taxonomy":"post_tag","embeddable":true,"href":"https:\/\/www.cvn.com.co\/en\/wp-json\/wp\/v2\/tags?post=23878"}],"curies":[{"name":"wp","href":"https:\/\/api.w.org\/{rel}","templated":true}]}}