{"id":23882,"date":"2018-08-24T14:17:45","date_gmt":"2018-08-24T14:17:45","guid":{"rendered":"https:\/\/www.cvn.com.co\/?p=23882"},"modified":"2018-08-24T14:17:45","modified_gmt":"2018-08-24T14:17:45","slug":"acuerdo-de-paris","status":"publish","type":"post","link":"https:\/\/www.cvn.com.co\/en\/acuerdo-de-paris\/","title":{"rendered":"Acuerdo de par\u00eds y su importancia en Colombia"},"content":{"rendered":"<h2><b>Acuerdo de Par\u00eds<\/b><\/h2>\n<p><span style=\"font-weight: 400;\">El Acuerdo de Par\u00eds es un pacto mundial sobre el cambio clim\u00e1tico y es \u00a0de gran importancia para el mundo entero, ya que su fin en cuanto a la mitigaci\u00f3n de la contaminaci\u00f3n, es el de mantener el incremento de la temperatura por debajo de 2 \u00b0C e intentar no sobrepasar los 1,5 \u00b0C. Tambi\u00e9n se busca que las emisiones mundiales disminuyan r\u00e1pidamente. <\/span><\/p>\n<p><span style=\"font-weight: 400;\">Adem\u00e1s, se planea generar un equilibrio entre las emisiones que capturan los sumideros naturales y las que son producidas por los humanos. Se espera que estas metas sean cumplidas en la segunda mitad de este siglo. La erradicaci\u00f3n de la pobreza y el desarrollo sostenible, son otros de los objetivos que se quieren alcanzar con este acuerdo. <\/span><\/p>\n<h3><b>Acuerdo de Par\u00eds en Colombia<\/b><\/h3>\n<p><span style=\"font-weight: 400;\">Colombia realiz\u00f3 un compromiso en el 2015 ante la comunidad internacional, en el cual asegur\u00f3 que tomar\u00eda medidas como la protecci\u00f3n de 36 p\u00e1ramos y lograr que absol\u00fatamente todo el territorio nacional, cuente con planes de adaptaci\u00f3n al cambio clim\u00e1tico. <\/span><\/p>\n<p><span style=\"font-weight: 400;\">Seg\u00fan el ex presidente de la Rep\u00fablica, Juan Manuel Santos, &#8220;En Colombia para ese objetivo conformamos recientemente el Sistema Nacional de Cambio Clim\u00e1tico para actuar de forma articulada y eficaz en el \u00e1mbito nacional y regional. Nuestro prop\u00f3sito es impulsar una pol\u00edtica nacional de cambio clim\u00e1tico para contribuir con la reducci\u00f3n de gases de efecto invernadero y de la deforestaci\u00f3n, en particular en la regi\u00f3n amaz\u00f3nica y avanzar en la adaptaci\u00f3n de nuestro territorio&#8221;.<\/span><\/p>\n<p><span style=\"font-weight: 400;\">Al ser parte del Acuerdo de Par\u00eds, el pa\u00eds se compromete a que cada cinco a\u00f1os las metas ambientales ser\u00e1n revisadas, lo cual contribuye al cumplimiento del objetivo.<\/span><\/p>\n<h3><b>Lo que representa el Acuerdo de Par\u00eds para Colombia<\/b><\/h3>\n<p><span style=\"font-weight: 400;\">Colombia es uno de los pa\u00edses que m\u00e1s le afectar\u00eda el cambio clim\u00e1tico, esto debido a la ubicaci\u00f3n geogr\u00e1fica. Lo anterior, alerta al pa\u00eds sobre la necesidad de implementar un modelo de vida sostenible, el cual logre reducir la poluci\u00f3n por medio de pr\u00e1cticas de consumo responsables, el cuidado de los espacios, los recursos naturales y la utilizaci\u00f3n de medios de transporte amigables con el planeta, entre otros. <\/span><\/p>\n<p><span style=\"font-weight: 400;\">El acuerdo de Par\u00eds trae consigo grandes beneficios para Colombia, entre los cuales se encuentran la transformaci\u00f3n de la econom\u00eda, la protecci\u00f3n de bosques, los recursos naturales, la reducci\u00f3n de deforestaci\u00f3n y el desarrollo de fuentes alternativas de energ\u00eda limpia.<\/span><\/p>\n<p><span style=\"font-weight: 400;\">Seg\u00fan afirmaciones del Diario Portafolio, el 0.46% de las emisiones globales son ocasionadas por el pa\u00eds y se presume que de no tomarse las medidas necesarias, podr\u00edan aumentar 50% para el 2030, aunque si se cuenta con la cooperaci\u00f3n internacional, entonces ese 0,46% disminuir\u00eda un 30%.<br \/>\n<\/span><span style=\"font-weight: 400;\"><br \/>\n<\/span><span style=\"font-weight: 400;\">Informes de la Nueva Econom\u00eda del Clima, revelan que es posible para Colombia aumentar su econom\u00eda y la competitividad por medio del fortaleciendo y su capacidad de adaptaci\u00f3n. Por ello, es necesario que la comunidad cient\u00edfica realice investigaciones que permitan obtener un mayor entendimiento sobre efectos de los fen\u00f3menos clim\u00e1ticos y sus consecuencias. Tambi\u00e9n es importante que los sectores financieros generen una inversi\u00f3n de carbono eficiente y de gran vigor con el clima.<\/span><\/p>\n<p><span style=\"font-weight: 400;\">Las nuevas generaciones tambi\u00e9n son de gran importancia en este proceso, ya que de ellas depende la implementaci\u00f3n de un cambio de conciencia. Para lograr esto, los Gobiernos y las autoridades ambientales deben actuar en materia ecol\u00f3gica y social.<\/span><\/p>\n<p><span style=\"font-weight: 400;\">El aumento de la capacidad de adaptaci\u00f3n a los ecosistemas, trae una reducci\u00f3n de \u00a0los gases del efecto invernadero, por esta y otras razones, es vital para el pa\u00eds cumplir con los compromisos que ha realizado durante la firma de este importante Acuerdo.<\/span><\/p>\n<h3><b>Acuerdo de Par\u00eds: La m\u00e1s reciente decisi\u00f3n tomada por Colombia <\/b><\/h3>\n<p><span style=\"font-weight: 400;\">El 12 de julio de 2018, Colombia entreg\u00f3 a la ONU (Organizaci\u00f3n de Naciones Unidas), un documento de certificaci\u00f3n del Acuerdo de Par\u00eds, logrando as\u00ed ultimar el plan para unirse de manera oficial al pacto adoptado durante los \u00faltimos meses de 2015.<\/span><\/p>\n<p><span style=\"font-weight: 400;\">La embajadora de Colombia ante las Naciones Unidas, Mar\u00eda Emma Mej\u00eda, quien fue la encargada de entregar el documento en la sede de la organizaci\u00f3n, afirm\u00f3 en su cuenta de Twitter que: \u201c<\/span><span style=\"font-weight: 400;\">Hoy<\/span><span style=\"font-weight: 400;\"> en<\/span> <span style=\"font-weight: 400;\">la ONU depositamos el instrumento de ratificaci\u00f3n del Acuerdo de Par\u00eds,\u00a0<\/span><span style=\"font-weight: 400;\">que reitera el compromiso del Presidente<\/span> <span style=\"font-weight: 400;\">Juan Manuel Santos y de Colombia frente al mundo con el medio ambiente y el cambio clim\u00e1tico para futuras generaciones\u201d. <\/span><\/p>\n<p><span style=\"font-weight: 400;\">Las acciones tomadas por el Gobierno Santos, fueron bastante oportunas para el fortalecimiento del Acuerdo de Par\u00eds y para el progreso econ\u00f3mico y sostenible a nivel ambiental en Colombia. Se espera que durante el mandato del nuevo presidente de la Rep\u00fablica, Iv\u00e1n Duque, se contin\u00fae trabajando por la implementaci\u00f3n de acciones que permitan generar una mejora para el pa\u00eds.<\/span><\/p>\n<p><span style=\"font-weight: 400;\">Si quieres obtener m\u00e1s informaci\u00f3n sobre este y otros temas nacionales e internacionales, puedes ingresar al siguiente link:\u00a0<a href=\"https:\/\/www.cvn.com.co\/\" target=\"_blank\" rel=\"noopener\">www.cvn.com<\/a><\/span><\/p>\n","protected":false},"excerpt":{"rendered":"<p>Acuerdo de Par\u00eds El Acuerdo de Par\u00eds es un pacto mundial sobre el cambio clim\u00e1tico y es \u00a0de gran importancia para el mundo entero, ya que su fin en cuanto a la mitigaci\u00f3n de la contaminaci\u00f3n, es el de mantener el incremento de la temperatura por debajo de 2 \u00b0C e intentar no sobrepasar los [&hellip;]<\/p>\n","protected":false},"author":1,"featured_media":0,"comment_status":"open","ping_status":"open","sticky":false,"template":"","format":"standard","meta":{"_acf_changed":false,"_joinchat":[],"footnotes":""},"categories":[36],"tags":[],"class_list":["post-23882","post","type-post","status-publish","format-standard","hentry","category-new-trade","entry","owp-thumbs-layout-horizontal","owp-btn-normal","owp-tabs-layout-horizontal","has-no-thumbnails","has-product-nav"],"acf":[],"_links":{"self":[{"href":"https:\/\/www.cvn.com.co\/en\/wp-json\/wp\/v2\/posts\/23882","targetHints":{"allow":["GET"]}}],"collection":[{"href":"https:\/\/www.cvn.com.co\/en\/wp-json\/wp\/v2\/posts"}],"about":[{"href":"https:\/\/www.cvn.com.co\/en\/wp-json\/wp\/v2\/types\/post"}],"author":[{"embeddable":true,"href":"https:\/\/www.cvn.com.co\/en\/wp-json\/wp\/v2\/users\/1"}],"replies":[{"embeddable":true,"href":"https:\/\/www.cvn.com.co\/en\/wp-json\/wp\/v2\/comments?post=23882"}],"version-history":[{"count":0,"href":"https:\/\/www.cvn.com.co\/en\/wp-json\/wp\/v2\/posts\/23882\/revisions"}],"wp:attachment":[{"href":"https:\/\/www.cvn.com.co\/en\/wp-json\/wp\/v2\/media?parent=23882"}],"wp:term":[{"taxonomy":"category","embeddable":true,"href":"https:\/\/www.cvn.com.co\/en\/wp-json\/wp\/v2\/categories?post=23882"},{"taxonomy":"post_tag","embeddable":true,"href":"https:\/\/www.cvn.com.co\/en\/wp-json\/wp\/v2\/tags?post=23882"}],"curies":[{"name":"wp","href":"https:\/\/api.w.org\/{rel}","templated":true}]}}