{"id":24889,"date":"2018-09-03T20:10:37","date_gmt":"2018-09-03T20:10:37","guid":{"rendered":"https:\/\/www.cvn.com.co\/?p=24889"},"modified":"2018-09-03T20:10:37","modified_gmt":"2018-09-03T20:10:37","slug":"cooperacion-internacional","status":"publish","type":"post","link":"https:\/\/www.cvn.com.co\/en\/cooperacion-internacional\/","title":{"rendered":"Cooperaci\u00f3n internacional durante el proceso de paz en Colombia"},"content":{"rendered":"<h2><b>Cooperaci\u00f3n internacional<\/b><\/h2>\n<p><span style=\"font-weight: 400;\">La cooperaci\u00f3n internacional, <\/span><span style=\"font-weight: 400;\">es una muestra de compromiso y colaboraci\u00f3n econ\u00f3mica e intelectual que es brindada por algunos pa\u00edses, ONGs y\/o empresas internacionales para aportar al crecimiento y mejoramiento social, pol\u00edtico, econ\u00f3mico y ambiental de un pa\u00eds. <\/span><\/p>\n<p><span style=\"font-weight: 400;\">El apoyo brindado a Colombia por parte de los Estados y organizaciones, ha sido de vital importancia durante el proceso de paz, ya que a trav\u00e9s de verificaciones y monitoreos, han logrado consolidar la evoluci\u00f3n de las negociaciones.<\/span><span style=\"font-weight: 400;\"><br \/>\n<\/span><span style=\"font-weight: 400;\"><br \/>\n<\/span><span style=\"font-weight: 400;\">Las distintas declaraciones pol\u00edticas y formas de cooperaci\u00f3n t\u00e9cnica y econ\u00f3mica que se han presentado por parte de pa\u00edses como Cuba, Noruega, Venezuela, Chile, M\u00e9xico, Rep\u00fablica Dominicana, El Salvador, la Uni\u00f3n Europea y Estados Unidos, han dejado claro que Colombia cuenta con un gran respaldo para poder implementar de la mejor manera todo lo que conlleva el acuerdo. <\/span><\/p>\n<h3><b>Cooperaci\u00f3n internacional por parte de Venezuela y Ecuador durante los acuerdos<\/b><\/h3>\n<p><span style=\"font-weight: 400;\">Los inicios de la cooperaci\u00f3n internacional se dieron en el primer gobierno del ex presidente Juan Manuel santos, quien<\/span><span style=\"font-weight: 400;\"> se encarg\u00f3 de mejorar las relaciones con Venezuela y Ecuador, pa\u00edses que fueron demasiado importantes durante las negociaciones con las Fuerzas Armadas Revolucionarias de Colombia (FARC). \u00a0\u00a0<\/span><\/p>\n<p><span style=\"font-weight: 400;\">Hugo ch\u00e1vez, el fallecido ex presidente de Venezuela, fue clave para lograr convencer a \u00a0las FARC de reunirse con el Gobierno colombiano durante las negociaciones<\/span><span style=\"font-weight: 400;\"> y poder llegar a un acuerdo.<\/span><\/p>\n<p><span style=\"font-weight: 400;\">Ecuador por su parte, durante el Gobierno del ex presidente, Rafa\u00e9l Correa, reiter\u00f3 en varias ocasiones su apoyo durante las conversaciones con el Ej\u00e9rcito de Liberaci\u00f3n Nacional (ELN)<\/span><i><span style=\"font-weight: 400;\">. <\/span><\/i><span style=\"font-weight: 400;\">Guillaume Long, ex canciller ecuatoriano, afirm\u00f3<\/span><span style=\"font-weight: 400;\"> en junio de 2016 que: <\/span><i><span style=\"font-weight: 400;\">\u201c<\/span><\/i><span style=\"font-weight: 400;\">En Ecuador se inicia y se termina el proceso, el pa\u00eds es sede de las conversaciones p\u00fablicas. Esta es una paz muy importante para Colombia, pero tambi\u00e9n para los pa\u00edses vecinos que hemos padecido los efectos colaterales de este conflicto: Ecuador ha recibido much\u00edsimos refugiados colombianos. Somos el pa\u00eds del hemisferio occidental con mayor cantidad de refugiados\u201d.<\/span><\/p>\n<h3><b>Cooperaci\u00f3n internacional realizada por la ONU en el proceso de paz <\/b><\/h3>\n<p><b><\/b><b><\/b><span style=\"font-weight: 400;\">Para el proceso de paz, ha habido un gran apoyo por parte de la Organizaci\u00f3n de Naciones Unidas (ONU), en varios aspectos, como la implementaci\u00f3n de una misi\u00f3n pol\u00edtica en la cual se realiz\u00f3 una verificaci\u00f3n del cumplimiento del abandono de las armas y el cese al fuego bilateral. La ONU adem\u00e1s implement\u00f3 en el pa\u00eds acciones de experiencia en procesos de desarme, desmovilizaci\u00f3n y reintegraci\u00f3n. <\/span><\/p>\n<p><span style=\"font-weight: 400;\">Seg\u00fan afirmaciones de la Organizaci\u00f3n, el fin del conflicto armado en Colombia \u201cbeneficiar\u00e1 a toda la regi\u00f3n y reafirma los prop\u00f3sitos acordados por los Jefes de Estado y de Gobierno de la Comunidad de Estados Latinoamericanos y Caribe\u00f1os \u00a0(Celac) en la Proclama de Am\u00e9rica Latina y El Caribe como Zona de Paz adoptada en La Habana\u201d.<\/span><span style=\"font-weight: 400;\"><br \/>\n<\/span><span style=\"font-weight: 400;\"><br \/>\nEn el 2015, Ban Ki Moon, el secretario general de la Organizaci\u00f3n, design\u00f3 a Jean Arnaud (quien durante m\u00e1s de 28 a\u00f1os ha apoyado las negociaciones del mundo), como enviado especial para que estuviera al tanto del acuerdo entre las FARC y el Gobierno Nacional de Colombia. \u00a0<\/span><\/p>\n<h3><b>Gobierno Santos y la cooperaci\u00f3n internacional para la paz <\/b><\/h3>\n<p><span style=\"font-weight: 400;\">En julio de 2018, se llev\u00f3 a cabo la presentaci\u00f3n del balance de la Agencia Presidencial de Cooperaci\u00f3n Internacional (APC), consumada en la Casa de Nari\u00f1o. Juan Manuel santos se\u00f1al\u00f3 que: <\/span><span style=\"font-weight: 400;\">\u201cEsta cooperaci\u00f3n internacional ha sido fundamental para los logros presentados al pa\u00eds en materia de implementaci\u00f3n de la paz. As\u00ed como en la parte social, econ\u00f3mica e internacional. Por ejemplo, todo lo hecho desde el comienzo del gobierno con los objetivos de desarrollo sostenibles\u201d<\/span><\/p>\n<p><span style=\"font-weight: 400;\">El tema principal de la reuni\u00f3n, fue la ayuda que se brind\u00f3 durante los ocho a\u00f1os de Gobierno Santos por parte de otros pa\u00edses y de organismos internacionales, principalmente en la implementaci\u00f3n del proceso de paz y posconflicto. <\/span><\/p>\n<p><span style=\"font-weight: 400;\">Como conclusi\u00f3n, el ex presidente de Colombia revel\u00f3 que entre 2011 y 2017, el pa\u00eds obtuvo 4.150 millones de d\u00f3lares provenientes de cooperaci\u00f3n internacional, lo cual fue bastante fruct\u00edfero para el pa\u00eds en temas sociales, ambientales y de instauraci\u00f3n de la paz. <\/span><\/p>\n<p>&nbsp;<\/p>\n<p><span style=\"font-weight: 400;\">Para obtener m\u00e1s informaci\u00f3n sobre temas de actualidad en Colombia, puedes ingresar al siguiente link:\u00a0<a href=\"https:\/\/www.cvn.com.co\/\" target=\"_blank\" rel=\"noopener\">www.cvn.com.co<\/a><\/span><\/p>\n","protected":false},"excerpt":{"rendered":"<p>Cooperaci\u00f3n internacional La cooperaci\u00f3n internacional, es una muestra de compromiso y colaboraci\u00f3n econ\u00f3mica e intelectual que es brindada por algunos pa\u00edses, ONGs y\/o empresas internacionales para aportar al crecimiento y mejoramiento social, pol\u00edtico, econ\u00f3mico y ambiental de un pa\u00eds. El apoyo brindado a Colombia por parte de los Estados y organizaciones, ha sido de vital [&hellip;]<\/p>\n","protected":false},"author":1,"featured_media":24891,"comment_status":"open","ping_status":"open","sticky":false,"template":"","format":"standard","meta":{"_acf_changed":false,"_joinchat":[],"footnotes":""},"categories":[36],"tags":[45,46,47,48,49,50,51],"class_list":["post-24889","post","type-post","status-publish","format-standard","has-post-thumbnail","hentry","category-new-trade","tag-colombia","tag-cooperacion","tag-cooperacioninternacional","tag-internacional","tag-ong","tag-paz","tag-proceso","entry","has-media","owp-thumbs-layout-horizontal","owp-btn-normal","owp-tabs-layout-horizontal","has-no-thumbnails","has-product-nav"],"acf":[],"_links":{"self":[{"href":"https:\/\/www.cvn.com.co\/en\/wp-json\/wp\/v2\/posts\/24889","targetHints":{"allow":["GET"]}}],"collection":[{"href":"https:\/\/www.cvn.com.co\/en\/wp-json\/wp\/v2\/posts"}],"about":[{"href":"https:\/\/www.cvn.com.co\/en\/wp-json\/wp\/v2\/types\/post"}],"author":[{"embeddable":true,"href":"https:\/\/www.cvn.com.co\/en\/wp-json\/wp\/v2\/users\/1"}],"replies":[{"embeddable":true,"href":"https:\/\/www.cvn.com.co\/en\/wp-json\/wp\/v2\/comments?post=24889"}],"version-history":[{"count":0,"href":"https:\/\/www.cvn.com.co\/en\/wp-json\/wp\/v2\/posts\/24889\/revisions"}],"wp:featuredmedia":[{"embeddable":true,"href":"https:\/\/www.cvn.com.co\/en\/wp-json\/wp\/v2\/media\/24891"}],"wp:attachment":[{"href":"https:\/\/www.cvn.com.co\/en\/wp-json\/wp\/v2\/media?parent=24889"}],"wp:term":[{"taxonomy":"category","embeddable":true,"href":"https:\/\/www.cvn.com.co\/en\/wp-json\/wp\/v2\/categories?post=24889"},{"taxonomy":"post_tag","embeddable":true,"href":"https:\/\/www.cvn.com.co\/en\/wp-json\/wp\/v2\/tags?post=24889"}],"curies":[{"name":"wp","href":"https:\/\/api.w.org\/{rel}","templated":true}]}}