{"id":25060,"date":"2018-11-27T13:16:59","date_gmt":"2018-11-27T13:16:59","guid":{"rendered":"https:\/\/www.cvn.com.co\/?p=25060"},"modified":"2018-11-27T13:16:59","modified_gmt":"2018-11-27T13:16:59","slug":"fabricas-de-textiles","status":"publish","type":"post","link":"https:\/\/www.cvn.com.co\/en\/fabricas-de-textiles\/","title":{"rendered":"La batalla textil que enfrenta Colombia"},"content":{"rendered":"<h1 style=\"text-align: center;\"><b>La batalla textil que enfrenta Colombia<\/b><\/h1>\n<h2><b>F\u00e1bricas de textiles<\/b><\/h2>\n<p><span style=\"font-weight: 400;\">Las<\/span><b> f\u00e1bricas de textiles <\/b><span style=\"font-weight: 400;\">y la industria de telas en Colombia ha venido en declive debido a que las empresas extranjeras que llegan al pa\u00eds con precios mucho m\u00e1s bajos se est\u00e1n tomado el mercado nacional, pero seg\u00fan Inexmoda la industria no desaparecer\u00e1 ya que as\u00ed como se liquidan empresas, nuevas se abren. <\/span><\/p>\n<p><span style=\"font-weight: 400;\">Por otro lado, esta industria que aporta el 4,8 del PIB industrial colombiano seg\u00fan la ANDI (Asociaci\u00f3n Nacional de Industriales). Durante los \u00faltimos 5 a\u00f1os han estado en una disputa con Panam\u00e1 por los precios arancelarios de la<\/span><b> importaci\u00f3n de textiles. <\/b><\/p>\n<p><span style=\"font-weight: 400;\">El pasado 5 de octubre la Organizaci\u00f3n Mundial de Comercio (OMC) fall\u00f3 a favor de Colombia por la implementaci\u00f3n de un decreto especial arancelario que el pa\u00eds impuso a las importaciones de la Zona Libre de Col\u00f3n en Panam\u00e1, luego de que la OMC lo interpretara como una medida de protecci\u00f3n para las importaciones ilegales, las cuales han afectado las <\/span><b>f\u00e1bricas de textiles. <\/b><\/p>\n<p><span style=\"font-weight: 400;\">El conflicto con el pa\u00eds centroamericano comenz\u00f3 desde que Colombia defini\u00f3 un arancel ad valorem (Arancel que se designa sobre el valor total de la mercanc\u00eda) \u00a0para los productos importados bajo un umbral menor al definido en el decreto 1744 de 2016, decreto que se cre\u00f3 posteriormente a las recomendaciones dadas por el \u00d3rgano de Soluci\u00f3n de Diferencias de la OMC en 2015.<\/span><\/p>\n<p><span style=\"font-weight: 400;\">A partir de esto, la OMC declar\u00f3 que &#8220;&#8230; Panam\u00e1 no ha acreditado que Colombia haya actuado de manera incompatible con las obligaciones que le corresponden en virtud del acuerdo, el Grupo Especial considera que no es necesaria ninguna recomendaci\u00f3n con arreglo a lo dispuesto&#8230;&#8221;<\/span><\/p>\n<p><span style=\"font-weight: 400;\">La declaraci\u00f3n de la OMC ha sido de gran alivio para el Estado Colombiano y las <\/span><b>f\u00e1bricas de textiles<\/b><span style=\"font-weight: 400;\">, ya que las importaciones de precio excesivamente bajo provenientes de panam\u00e1 los han afectado en gran medida.<\/span><\/p>\n<h3><b>Importaci\u00f3n de textiles en cifras<\/b><\/h3>\n<p><span style=\"font-weight: 400;\">En Colombia la industria textil es uno de los sectores m\u00e1s importantes de la econom\u00eda, por lo que ha implementado diferentes medidas para las importaciones textiles buscando la protecci\u00f3n de las empresas de confecci\u00f3n y calzado nacional, debido a que representan aproximadamente el 24% del empleo del pa\u00eds (Cifras del 2017).<\/span><\/p>\n<p><span style=\"font-weight: 400;\">El Departamento Administrativo Nacional de Estad\u00edsticas (DANE) confirm\u00f3 que durante el primer semestre del 2018 las importaciones de este sector cerraron con un alza acumulada del 18,5% en lo que lleva del segundo semestre, con alzas acumuladas de 27,2%, siendo el 12,1% de estas importaciones tan solo del mes de julio.<\/span><\/p>\n<p><span style=\"font-weight: 400;\">Se espera que a final del a\u00f1o las compras a las <\/span><b>f\u00e1bricas de textiles<\/b><span style=\"font-weight: 400;\"> tengan un total acumulado de 24.000 toneladas de mercanc\u00eda, ya que las temporadas de halloween y navidad representan un incremento en las importaciones por la compra de textiles y moda; importaciones que en su mayor\u00eda son provenientes de Estados Unidos, China y varios pa\u00edses latinoamericanos.<\/span><\/p>\n<p><span style=\"font-weight: 400;\">Seg\u00fan cifras dadas por Carlos Eduardo Botero, presidente de Inexmoda, el consumo de textiles en Colombia representa 16 billones de pesos al a\u00f1o, siendo el 30% de estos de origen ilegal. Tan solo en 2017, el Estado colombiano incaut\u00f3 m\u00e1s de 30.000 millones de pesos en mercanc\u00edas de contrabando de telas y prendas de vestir, abriendo 67 investigaciones a importadores que declararon productos por encima de las medidas establecidas.<\/span><\/p>\n<p><span style=\"font-weight: 400;\">De acuerdo a CVN, para el a\u00f1o 2017 el 42% de las importaciones de confecciones fue para el g\u00e9nero femenino en donde se recaudaron USD$ 247 millones, mientras que el g\u00e9nero masculino recaud\u00f3 USD$ 167 millones y ocup\u00f3 el 29% de las importaciones. Por otro lado el 29% restante le corresponde a la mercanc\u00eda unisex. <\/span><\/p>\n<p><span style=\"font-weight: 400;\">En 2017 la directora de la c\u00e1mara de moda y textiles de la Asociaci\u00f3n Nacional de Empresarios de Colombia (ANDI), Juliana Calad, advirti\u00f3 que hay que tomar medidas proteccionistas para ayudar a controlar la subfacturaci\u00f3n y el contrabando que azota al pa\u00eds, adem\u00e1s de las importaciones de bajo costo, como es el caso de los productos provenientes de Panam\u00e1. <\/span><\/p>\n<p><span style=\"font-weight: 400;\">Por otro lado, han surgido cr\u00edticas acerca de la falta de modernizaci\u00f3n y especializaci\u00f3n de la industria, la cual est\u00e1 siendo opacada por el mercado de empresas extranjeras de moda \u201cLow Cost\u201d y \u201cFast Fashion\u201d.<\/span><\/p>\n<p><span style=\"font-weight: 400;\">Las oportunidades que tienen las nuevas tendencias de moda en donde implementan textiles con filtro UV, \u00a0anti bacteriales, biodegradables, repelentes, entre otros, crean un panorama favorable para los emprendedores textiles que sepan aprovechar la demanda de los consumidores orientados a soluciones medioambientales y de comercio justo, esta ser\u00eda una buena oportunidad para la exportaci\u00f3n e <\/span><b>importaci\u00f3n de textiles. <\/b><\/p>\n<p><span style=\"font-weight: 400;\">Entre tanto, Colombia todav\u00eda tendr\u00e1 que velar por la lucha contra el contrabando, revisando constantemente las medidas arancelarias, adem\u00e1s de reforzar los mecanismos de cooperaci\u00f3n entre los pa\u00edses aliados para fortalecer los tratados de comercio bilaterales, sin desamparar a las industrias nacionales.<\/span><\/p>\n<p><span style=\"font-weight: 400;\">Si quieres tener m\u00e1s informaci\u00f3n sobre <\/span><b>f\u00e1bricas de textiles, <\/b><span style=\"font-weight: 400;\">importaciones y exportaciones puedes ingresar al siguiente link:<\/span> <a href=\"https:\/\/www.cvn.com.co\/\" target=\"_blank\" rel=\"noopener\"><span style=\"font-weight: 400;\">www.cvn.com.co\/<\/span><\/a><\/p>\n","protected":false},"excerpt":{"rendered":"<p>La batalla textil que enfrenta Colombia F\u00e1bricas de textiles Las f\u00e1bricas de textiles y la industria de telas en Colombia ha venido en declive debido a que las empresas extranjeras que llegan al pa\u00eds con precios mucho m\u00e1s bajos se est\u00e1n tomado el mercado nacional, pero seg\u00fan Inexmoda la industria no desaparecer\u00e1 ya que as\u00ed [&hellip;]<\/p>\n","protected":false},"author":1,"featured_media":25061,"comment_status":"open","ping_status":"open","sticky":false,"template":"","format":"standard","meta":{"_acf_changed":false,"_joinchat":[],"footnotes":""},"categories":[39],"tags":[104,105,106,107,108,109],"class_list":["post-25060","post","type-post","status-publish","format-standard","has-post-thumbnail","hentry","category-new-technology","tag-algodoncolombiano","tag-exportaciondetextiles","tag-importaciondetextiles","tag-industria","tag-industriadetextiles","tag-textiles","entry","has-media","owp-thumbs-layout-horizontal","owp-btn-normal","owp-tabs-layout-horizontal","has-no-thumbnails","has-product-nav"],"acf":[],"_links":{"self":[{"href":"https:\/\/www.cvn.com.co\/en\/wp-json\/wp\/v2\/posts\/25060","targetHints":{"allow":["GET"]}}],"collection":[{"href":"https:\/\/www.cvn.com.co\/en\/wp-json\/wp\/v2\/posts"}],"about":[{"href":"https:\/\/www.cvn.com.co\/en\/wp-json\/wp\/v2\/types\/post"}],"author":[{"embeddable":true,"href":"https:\/\/www.cvn.com.co\/en\/wp-json\/wp\/v2\/users\/1"}],"replies":[{"embeddable":true,"href":"https:\/\/www.cvn.com.co\/en\/wp-json\/wp\/v2\/comments?post=25060"}],"version-history":[{"count":0,"href":"https:\/\/www.cvn.com.co\/en\/wp-json\/wp\/v2\/posts\/25060\/revisions"}],"wp:featuredmedia":[{"embeddable":true,"href":"https:\/\/www.cvn.com.co\/en\/wp-json\/wp\/v2\/media\/25061"}],"wp:attachment":[{"href":"https:\/\/www.cvn.com.co\/en\/wp-json\/wp\/v2\/media?parent=25060"}],"wp:term":[{"taxonomy":"category","embeddable":true,"href":"https:\/\/www.cvn.com.co\/en\/wp-json\/wp\/v2\/categories?post=25060"},{"taxonomy":"post_tag","embeddable":true,"href":"https:\/\/www.cvn.com.co\/en\/wp-json\/wp\/v2\/tags?post=25060"}],"curies":[{"name":"wp","href":"https:\/\/api.w.org\/{rel}","templated":true}]}}