{"id":25104,"date":"2018-12-24T16:57:02","date_gmt":"2018-12-24T16:57:02","guid":{"rendered":"https:\/\/www.cvn.com.co\/?p=25104"},"modified":"2018-12-24T16:57:02","modified_gmt":"2018-12-24T16:57:02","slug":"empresas-de-confecciones-en-colombia","status":"publish","type":"post","link":"https:\/\/www.cvn.com.co\/en\/empresas-de-confecciones-en-colombia\/","title":{"rendered":"Empresas de confecciones en Colombia"},"content":{"rendered":"<h1 style=\"text-align: center;\"><b>Empresas de confecciones en Colombia, un sector resguardado por el gobierno<\/b><\/h1>\n<h2><b>Empresas de confecciones<\/b><\/h2>\n<p><span style=\"font-weight: 400;\">Desde el sector de producci\u00f3n, las <\/span><b>empresas de confecciones<\/b><span style=\"font-weight: 400;\"> corresponden a la manufacturaci\u00f3n de diversas prendas de vestir. Seg\u00fan el informe de mitad de a\u00f1o el Ministerio de Comercio, dicho mercado representa el 8.6% del total del PIB industrial en Colombia, haciendo del pa\u00eds un referente l\u00edder en producci\u00f3n de moda a nivel internacional.<\/span><\/p>\n<p><span style=\"font-weight: 400;\">De igual manera, la creaci\u00f3n e innovaci\u00f3n de dise\u00f1os junto a las herramientas tecnol\u00f3gicas hacen parte esencial de las industria al generar mayor competitividad y productividad con otros pa\u00edses.<\/span><\/p>\n<h3><b>Empresas de \u00a0confecciones reflejados en el PIB<\/b><\/h3>\n<p><span style=\"font-weight: 400;\">En contraposici\u00f3n con los datos mencionados por el Ministro de Comercio, Industria y Turismo de Colombia Jos\u00e9 Manuel Restrepo otros an\u00e1lisis aseguran que muy lejos de crecer positivamente el sector, est\u00e1 recayendo en la crisis que tiene sumergida a las <\/span><b>empresas de confecciones<\/b><span style=\"font-weight: 400;\"> \u00a0con serios problemas financieros desde hace ya varios a\u00f1os.<\/span><\/p>\n<p><span style=\"font-weight: 400;\">El Departamento Administrativo Nacional de Estad\u00edstica (DANE), arroj\u00f3 un an\u00e1lisis meses antes al que fue mencionado por el Ministro de MinComercio en el cual se evalu\u00f3<\/span> <span style=\"font-weight: 400;\">la producci\u00f3n de las<\/span><b> empresas de confecciones<\/b><span style=\"font-weight: 400;\"> el cual registr\u00f3 una transformaci\u00f3n de apenas 1,5%.<\/span><\/p>\n<p><span style=\"font-weight: 400;\">Entre tanto, las empresas textiles no tuvieron cambio alguno. En relaci\u00f3n con las ventas nacionales, el incremento fue del 4,5%. Por otro lado, la exportaci\u00f3n textil y confecci\u00f3n disminuyeron en un 2,6 % en los primeros meses del presente a\u00f1o.<\/span><\/p>\n<h3><b>La crisis de altas y bajas \u00a0en el sector de las empresas de confecciones<\/b><\/h3>\n<p><span style=\"font-weight: 400;\">La industria manufacturera se ha resentido debido a las decisiones del gobierno, el TLC (Tratado de libre comercio) puesto en marcha con Corea del sur en el 2016, la falta de capacitaci\u00f3n, la competencia desleal y el alza en precios de la materia prima ha hecho que la autonom\u00eda en las<\/span><b> empresas de confecciones<\/b><span style=\"font-weight: 400;\"> se deteriore generando un ambiente hostil para el di\u00e1logo entre partes. <\/span><\/p>\n<p><span style=\"font-weight: 400;\">Por esto, el 26 de octubre del a\u00f1o pasado el sector textil convoc\u00f3 a una marcha nacional que dio como resultado acuerdos que se solucionar\u00edan con prontitud, el principal ser\u00eda controlar el contrabando textil y productos de <\/span><b>empresas de confecciones<\/b><span style=\"font-weight: 400;\"> proveniente de Panam\u00e1 pero este a\u00f1o el mercado continu\u00f3 sensible y cay\u00f3 un 4.5% .<\/span><\/p>\n<h3><b>Problemas y soluciones de las empresas de confecci\u00f3n<\/b><\/h3>\n<p><span style=\"font-weight: 400;\">El gremio textilero en colombia carece de autonom\u00eda por la dificultad de producci\u00f3n de las materias primas, la capacitaci\u00f3n del personal y por el coste que termina siendo muy elevado para las <\/span><b>empresas de confecciones<\/b><span style=\"font-weight: 400;\">. Por lo anterior, el gobierno ha propuesto diversas alternativas que han permitido ver con mejores ojos esta industr<\/span><span style=\"font-weight: 400;\">ia, <\/span><span style=\"font-weight: 400;\">teniendo en cuenta que una de las crisis m\u00e1s fuertes la sufri\u00f3 el a\u00f1o pasado (2017).<\/span><\/p>\n<p><span style=\"font-weight: 400;\">Empresas como Fabricato y Arturo Calle evidencian el territorio hostil al que se est\u00e1 enfrentando la industria nacional. Por un lado, est\u00e1 Fabricato, empresa textilera que debido al contrabando le es imposible competir a tan bajos costos y por el otro lado, se encuentra una de las <\/span><b>empresas de confecciones<\/b><span style=\"font-weight: 400;\"> m\u00e1s importantes de Colombia, Arturo Calle, que con 50.000 prendas almacenadas tuvo que reducir el personal del horario sabatino, que era uno de los encargado de la manufacturaci\u00f3n de las colecciones. <\/span><\/p>\n<p><span style=\"font-weight: 400;\">La demanda nacional supera por mucho la oferta del sector, por ello, seg\u00fan informaci\u00f3n de ProColombia, aproximadamente el 62% de las importaciones textiles al a\u00f1o son materia prima que requiere ser transformada, es decir, la industria tiene el freno de mano cuando las importaciones no se llevan a cabo. Un panorama complejo para MinComercio.<\/span><\/p>\n<p><span style=\"font-weight: 400;\">El Ministerio \u00a0de Comercio, Industria y Turismo ha dado apertura a diferentes programas de capacitaci\u00f3n, formaci\u00f3n y producci\u00f3n de tecnolog\u00eda nacional para fortalecer tanto el mercado textil como las <\/span><b>empresas de confecciones<\/b><span style=\"font-weight: 400;\">. <\/span><\/p>\n<p><span style=\"font-weight: 400;\">Los semilleros <\/span><span style=\"font-weight: 400;\">y el programa de formaci\u00f3n dual de manufacturaci\u00f3n busca mediante el aprendizaje en el Sena y las empresas, reducir los desperdicios de productos y excesos en el proceso interno de los fabricantes, siendo este una manera de optimizar los recursos disponibles.<\/span><\/p>\n<h3><b>Grupos de inter\u00e9s para mejorar el entorno de las empresas de confecciones<\/b><\/h3>\n<p><span style=\"font-weight: 400;\">El Viceministro Arango tambi\u00e9n expres\u00f3 su compromiso por fortalecer la falencia tecnol\u00f3gica en el mercado y el impulso a las muestras de talento nacional.<\/span><\/p>\n<p><span style=\"font-weight: 400;\">\u201cHemos identificado tambi\u00e9n las brechas tecnol\u00f3gicas que debe superar nuestra industria. Por ello, estamos dise\u00f1ando un programa de Manufactura Inteligente que consiste en un conjunto de tecnolog\u00edas emergentes, sistemas y procesos que se utilizan para hacer la transici\u00f3n del sector de <\/span><b>empresas de confecciones<\/b><span style=\"font-weight: 400;\"> actual a uno que genere mayor valor a lo largo de la cadena de producci\u00f3n\u201d, Indic\u00f3 Arango.<\/span><\/p>\n<p><span style=\"font-weight: 400;\">Respecto a la financiaci\u00f3n se\u00f1al\u00f3, que a trav\u00e9s de la entidad bancaria adscrita al Ministerio Banc\u00f3ldex, m\u00e1s de 72.800 empresas ser\u00e1n respaldadas con cr\u00e9ditos para modernizaci\u00f3n industrial y capital de trabajo, que sobrepasan los $1,2 billones.<\/span><\/p>\n<h3><b>Eventos que apoyan la industria<\/b><\/h3>\n<p><span style=\"font-weight: 400;\">Este a\u00f1o Colombiatex de las Am\u00e9ricas en su versi\u00f3n n\u00famero 30 reuni\u00f3 m\u00e1s 500 representantes del gremio de los cuales el 60% eran <\/span><b>empresas de confecciones <\/b><span style=\"font-weight: 400;\">colombianas y un 40% internacionales. Lo que dio gran relevancia a la industria nacional.<\/span><\/p>\n<p><span style=\"font-weight: 400;\">La oferta textil y de confecciones han posicionado a Colombia como l\u00edderes en el contexto latinoamericano por innovaci\u00f3n y creatividad de los dise\u00f1os y calidad. <\/span><\/p>\n<p><span style=\"font-weight: 400;\">Estos eventos se convierten en la oportunidad de combatir la tendencia de bajos indicadores tiene la industria y la posibilidad de lograr mejores resultados de exportaci\u00f3n para el siguiente a\u00f1o. <\/span><\/p>\n<p><span style=\"font-weight: 400;\">Si quieres tener m\u00e1s informaci\u00f3n sobre <\/span><b>empresas de confecciones, <\/b><span style=\"font-weight: 400;\">importaciones y exportaciones puedes ingresar al siguiente link: <\/span><a href=\"https:\/\/www.cvn.com.co\/\" target=\"_blank\" rel=\"noopener\"><span style=\"font-weight: 400;\">www.cvn.com.co\/<\/span><\/a><\/p>\n","protected":false},"excerpt":{"rendered":"<p>Empresas de confecciones en Colombia, un sector resguardado por el gobierno Empresas de confecciones Desde el sector de producci\u00f3n, las empresas de confecciones corresponden a la manufacturaci\u00f3n de diversas prendas de vestir. Seg\u00fan el informe de mitad de a\u00f1o el Ministerio de Comercio, dicho mercado representa el 8.6% del total del PIB industrial en Colombia, [&hellip;]<\/p>\n","protected":false},"author":1,"featured_media":25105,"comment_status":"open","ping_status":"open","sticky":false,"template":"","format":"standard","meta":{"_acf_changed":false,"_joinchat":[],"footnotes":""},"categories":[36],"tags":[114,115,105,106],"class_list":["post-25104","post","type-post","status-publish","format-standard","has-post-thumbnail","hentry","category-new-trade","tag-empresasdeconfeccion","tag-empresastextileras","tag-exportaciondetextiles","tag-importaciondetextiles","entry","has-media","owp-thumbs-layout-horizontal","owp-btn-normal","owp-tabs-layout-horizontal","has-no-thumbnails","has-product-nav"],"acf":[],"_links":{"self":[{"href":"https:\/\/www.cvn.com.co\/en\/wp-json\/wp\/v2\/posts\/25104","targetHints":{"allow":["GET"]}}],"collection":[{"href":"https:\/\/www.cvn.com.co\/en\/wp-json\/wp\/v2\/posts"}],"about":[{"href":"https:\/\/www.cvn.com.co\/en\/wp-json\/wp\/v2\/types\/post"}],"author":[{"embeddable":true,"href":"https:\/\/www.cvn.com.co\/en\/wp-json\/wp\/v2\/users\/1"}],"replies":[{"embeddable":true,"href":"https:\/\/www.cvn.com.co\/en\/wp-json\/wp\/v2\/comments?post=25104"}],"version-history":[{"count":0,"href":"https:\/\/www.cvn.com.co\/en\/wp-json\/wp\/v2\/posts\/25104\/revisions"}],"wp:featuredmedia":[{"embeddable":true,"href":"https:\/\/www.cvn.com.co\/en\/wp-json\/wp\/v2\/media\/25105"}],"wp:attachment":[{"href":"https:\/\/www.cvn.com.co\/en\/wp-json\/wp\/v2\/media?parent=25104"}],"wp:term":[{"taxonomy":"category","embeddable":true,"href":"https:\/\/www.cvn.com.co\/en\/wp-json\/wp\/v2\/categories?post=25104"},{"taxonomy":"post_tag","embeddable":true,"href":"https:\/\/www.cvn.com.co\/en\/wp-json\/wp\/v2\/tags?post=25104"}],"curies":[{"name":"wp","href":"https:\/\/api.w.org\/{rel}","templated":true}]}}